{
    "id": 2283,
    "date": "2024-03-31T08:26:48",
    "date_gmt": "2024-03-31T05:26:48",
    "guid": {
        "rendered": "https:\/\/www.somuchtosaytoday.com\/?p=2283"
    },
    "modified": "2024-03-31T08:26:53",
    "modified_gmt": "2024-03-31T05:26:53",
    "slug": "reajuste-de-aluguel-qual-o-valor-permitido-por-lei",
    "status": "publish",
    "type": "post",
    "link": "https:\/\/www.somuchtosaytoday.com\/pt\/reajuste-de-aluguel-qual-o-valor-permitido-por-lei\/",
    "title": {
        "rendered": "Reajuste de Aluguel: Qual o valor permitido por lei?"
    },
    "content": {
        "rendered": "<p>O reajuste de aluguel \u00e9 um tema que gera frequentes d\u00favidas tanto para locadores quanto para locat\u00e1rios. Em um cen\u00e1rio econ\u00f4mico vol\u00e1til como o que vivemos, entender os limites legais para esse tipo de ajuste \u00e9 essencial para evitar conflitos e garantir uma rela\u00e7\u00e3o saud\u00e1vel entre as partes envolvidas.&nbsp;<\/p>\n\n\n\n<h2 class=\"wp-block-heading\">Entendendo o reajuste de aluguel<\/h2>\n\n\n\n<p>Entender o reajuste de aluguel vai al\u00e9m de simplesmente conhecer os mecanismos legais e os \u00edndices de corre\u00e7\u00e3o monet\u00e1ria utilizados. Envolve tamb\u00e9m compreender o contexto econ\u00f4mico e imobili\u00e1rio que influencia diretamente nesse processo. Vamos adentrar mais nesse tema para uma compreens\u00e3o mais completa.<\/p>\n\n\n\n<h3 class=\"wp-block-heading\">Contexto Econ\u00f4mico e Imobili\u00e1rio<\/h3>\n\n\n\n<p>O reajuste de aluguel \u00e9 uma resposta \u00e0s mudan\u00e7as no cen\u00e1rio econ\u00f4mico do pa\u00eds. A infla\u00e7\u00e3o, por exemplo, \u00e9 um dos principais fatores que influenciam diretamente no reajuste do valor do aluguel. Quando a infla\u00e7\u00e3o aumenta, o poder de compra do dinheiro diminui, o que torna necess\u00e1rio o ajuste do valor do aluguel para garantir que o locador continue recebendo uma remunera\u00e7\u00e3o justa pelo seu im\u00f3vel.<\/p>\n\n\n\n<p>Al\u00e9m da infla\u00e7\u00e3o, outros fatores econ\u00f4micos, como a valoriza\u00e7\u00e3o imobili\u00e1ria em determinadas regi\u00f5es, o aumento da demanda por im\u00f3veis ou a escassez de oferta, tamb\u00e9m podem influenciar no reajuste do aluguel. Em \u00e1reas onde h\u00e1 uma alta demanda por im\u00f3veis, \u00e9 comum que os valores dos alugu\u00e9is subam mais rapidamente, enquanto em regi\u00f5es com excesso de oferta, os valores tendem a se manter est\u00e1veis ou at\u00e9 mesmo cair.<\/p>\n\n\n\n<h3 class=\"wp-block-heading\">Negocia\u00e7\u00e3o entre Locador e Locat\u00e1rio<\/h3>\n\n\n\n<p>Apesar de existirem \u00edndices de corre\u00e7\u00e3o monet\u00e1ria previstos na legisla\u00e7\u00e3o, a negocia\u00e7\u00e3o entre locador e locat\u00e1rio desempenha um papel fundamental no processo de reajuste de aluguel. \u00c9 comum que as partes negociem o \u00edndice a ser utilizado, levando em considera\u00e7\u00e3o n\u00e3o apenas a varia\u00e7\u00e3o da infla\u00e7\u00e3o, mas tamb\u00e9m outros fatores relevantes, como o estado de conserva\u00e7\u00e3o do im\u00f3vel, eventuais melhorias realizadas pelo locat\u00e1rio, entre outros.<\/p>\n\n\n\n<figure class=\"wp-block-image size-large\"><img fetchpriority=\"high\" decoding=\"async\" width=\"1024\" height=\"682\" src=\"https:\/\/www.somuchtosaytoday.com\/wp-content\/uploads\/2024\/03\/image-174-1024x682.png\" alt=\"\" class=\"wp-image-2305\" srcset=\"https:\/\/www.somuchtosaytoday.com\/wp-content\/uploads\/2024\/03\/image-174-1024x682.png 1024w, https:\/\/www.somuchtosaytoday.com\/wp-content\/uploads\/2024\/03\/image-174-300x200.png 300w, https:\/\/www.somuchtosaytoday.com\/wp-content\/uploads\/2024\/03\/image-174-768x512.png 768w, https:\/\/www.somuchtosaytoday.com\/wp-content\/uploads\/2024\/03\/image-174-18x12.png 18w, https:\/\/www.somuchtosaytoday.com\/wp-content\/uploads\/2024\/03\/image-174.png 1280w\" sizes=\"(max-width: 1024px) 100vw, 1024px\" \/><\/figure>\n\n\n\n<p>A negocia\u00e7\u00e3o tamb\u00e9m pode envolver a possibilidade de um reajuste abaixo do \u00edndice de corre\u00e7\u00e3o monet\u00e1ria, principalmente em casos onde o locat\u00e1rio apresenta dificuldades financeiras. Nesses casos, \u00e9 importante que ambas as partes demonstrem flexibilidade e busquem chegar a um acordo que seja justo e equilibrado para ambas as partes.<\/p>\n\n\n\n<h3 class=\"wp-block-heading\">Aspectos Legais e Contratuais<\/h3>\n\n\n\n<p>Apesar da liberdade das partes para negociar o reajuste do aluguel, \u00e9 fundamental que o processo seja conduzido de acordo com as regras estabelecidas pela legisla\u00e7\u00e3o brasileira e pelo contrato de loca\u00e7\u00e3o. O n\u00e3o cumprimento dessas regras pode gerar conflitos e at\u00e9 mesmo resultar em a\u00e7\u00f5es judiciais.<\/p>\n\n\n\n<p>Por isso, \u00e9 importante que locador e locat\u00e1rio estejam cientes das cl\u00e1usulas do contrato de loca\u00e7\u00e3o que regem o reajuste do aluguel, bem como dos prazos e procedimentos estabelecidos pela legisla\u00e7\u00e3o. O descumprimento dessas cl\u00e1usulas pode acarretar em penalidades e preju\u00edzos para ambas as partes.<\/p>\n\n\n\n<h2 class=\"wp-block-heading\">Legisla\u00e7\u00e3o sobre o reajuste de aluguel<\/h2>\n\n\n\n<p>No Brasil, a Lei do Inquilinato (Lei n\u00ba 8.245\/91) estabelece as principais regras relacionadas ao aluguel de im\u00f3veis, incluindo o reajuste do valor do aluguel. De acordo com a legisla\u00e7\u00e3o, o reajuste do aluguel deve ser feito de forma anual e de comum acordo entre locador e locat\u00e1rio.<\/p>\n\n\n\n<p>O artigo 18 da Lei do Inquilinato estabelece que, na aus\u00eancia de acordo entre as partes, o reajuste do aluguel ser\u00e1 calculado com base em um \u00edndice previamente estipulado no contrato de loca\u00e7\u00e3o ou, na falta dessa previs\u00e3o, de acordo com um dos \u00edndices de corre\u00e7\u00e3o monet\u00e1ria previstos na legisla\u00e7\u00e3o.<\/p>\n\n\n\n<h2 class=\"wp-block-heading\">\u00cdndices de corre\u00e7\u00e3o monet\u00e1ria mais utilizados<\/h2>\n\n\n\n<p>Existem diversos \u00edndices de corre\u00e7\u00e3o monet\u00e1ria que podem ser utilizados para o reajuste de aluguel no Brasil. Alguns dos mais comuns s\u00e3o:<\/p>\n\n\n\n<h3 class=\"wp-block-heading\">IGP-M (\u00cdndice Geral de Pre\u00e7os do Mercado)<\/h3>\n\n\n\n<p>O \u00cdndice Geral de Pre\u00e7os do Mercado (IGP-M) \u00e9 um dos principais \u00edndices utilizados no Brasil para o reajuste de alugu\u00e9is e contratos comerciais. Ele \u00e9 calculado pela Funda\u00e7\u00e3o Get\u00falio Vargas (FGV) e tem como objetivo medir a varia\u00e7\u00e3o de pre\u00e7os de uma cesta de produtos e servi\u00e7os ao longo do tempo. O IGP-M \u00e9 considerado um indicador importante para acompanhar a infla\u00e7\u00e3o e as mudan\u00e7as no custo de vida no pa\u00eds.<\/p>\n\n\n\n<h4 class=\"wp-block-heading\">Composi\u00e7\u00e3o do IGP-M<\/h4>\n\n\n\n<p>O IGP-M \u00e9 composto por tr\u00eas sub\u00edndices, que refletem diferentes aspectos da economia:<\/p>\n\n\n\n<ul class=\"wp-block-list\">\n<li>IPA (\u00cdndice de Pre\u00e7os por Atacado): O IPA \u00e9 respons\u00e1vel por medir a varia\u00e7\u00e3o de pre\u00e7os dos produtos vendidos no atacado. Ele \u00e9 dividido em tr\u00eas est\u00e1gios de processamento: produtos agropecu\u00e1rios, produtos industriais e produtos de administra\u00e7\u00e3o p\u00fablica. O IPA representa cerca de 60% do peso total do IGP-M.<\/li>\n\n\n\n<li>IPC (\u00cdndice de Pre\u00e7os ao Consumidor): O IPC mede a varia\u00e7\u00e3o de pre\u00e7os dos produtos e servi\u00e7os consumidos pelas fam\u00edlias com renda mensal entre 1 e 33 sal\u00e1rios m\u00ednimos. Ele \u00e9 calculado com base em uma cesta de produtos e servi\u00e7os que inclui alimentos, transporte, sa\u00fade, educa\u00e7\u00e3o, entre outros. O IPC representa cerca de 30% do peso total do IGP-M.<\/li>\n\n\n\n<li>INCC (\u00cdndice Nacional de Custo da Constru\u00e7\u00e3o): O INCC mede a varia\u00e7\u00e3o de pre\u00e7os dos materiais de constru\u00e7\u00e3o, m\u00e3o de obra e servi\u00e7os relacionados \u00e0 constru\u00e7\u00e3o civil. Ele \u00e9 utilizado principalmente para reajustar contratos de obras e servi\u00e7os na \u00e1rea da constru\u00e7\u00e3o. O INCC representa cerca de 10% do peso total do IGP-M.<\/li>\n<\/ul>\n\n\n\n<h3 class=\"wp-block-heading\">IPC-A (\u00cdndice de Pre\u00e7os ao Consumidor Amplo)<\/h3>\n\n\n\n<p>O \u00cdndice de Pre\u00e7os ao Consumidor Amplo (IPCA) \u00e9 um dos indicadores mais importantes para medir a infla\u00e7\u00e3o no Brasil. Calculado pelo Instituto Brasileiro de Geografia e Estat\u00edstica (IBGE), o IPCA tem como objetivo medir a varia\u00e7\u00e3o de pre\u00e7os de uma cesta de produtos e servi\u00e7os consumidos pelas fam\u00edlias brasileiras com renda mensal entre 1 e 40 sal\u00e1rios m\u00ednimos.<\/p>\n\n\n\n<h4 class=\"wp-block-heading\">Composi\u00e7\u00e3o do IPCA<\/h4>\n\n\n\n<p>O IPCA \u00e9 calculado com base nos pre\u00e7os de uma ampla gama de produtos e servi\u00e7os, distribu\u00eddos em nove grupos principais:<\/p>\n\n\n\n<ul class=\"wp-block-list\">\n<li>Alimenta\u00e7\u00e3o e Bebidas: Inclui alimentos in natura, produtos aliment\u00edcios industrializados, bebidas, entre outros.<\/li>\n\n\n\n<li>Habita\u00e7\u00e3o: Engloba despesas com habita\u00e7\u00e3o, como aluguel, condom\u00ednio, energia el\u00e9trica, g\u00e1s de cozinha, entre outros.<\/li>\n\n\n\n<li>Artigos de Resid\u00eancia: Inclui despesas com m\u00f3veis, eletrodom\u00e9sticos, utens\u00edlios dom\u00e9sticos, entre outros.<\/li>\n\n\n\n<li>Vestu\u00e1rio: Engloba despesas com roupas, cal\u00e7ados, acess\u00f3rios, entre outros.<\/li>\n\n\n\n<li>Transportes: Inclui despesas com transporte p\u00fablico, combust\u00edveis, manuten\u00e7\u00e3o de ve\u00edculos, entre outros.<\/li>\n\n\n\n<li>Sa\u00fade e Cuidados Pessoais: Engloba despesas com planos de sa\u00fade, medicamentos, produtos de higiene pessoal, entre outros.<\/li>\n\n\n\n<li>Educa\u00e7\u00e3o: Inclui despesas com educa\u00e7\u00e3o formal, como mensalidades escolares, material escolar, entre outros.<\/li>\n\n\n\n<li>Comunica\u00e7\u00e3o: Engloba despesas com servi\u00e7os de comunica\u00e7\u00e3o, como telefonia fixa e m\u00f3vel, internet, entre outros.<\/li>\n\n\n\n<li>Despesas Pessoais: Inclui despesas diversas, como servi\u00e7os de beleza, recrea\u00e7\u00e3o, cultura, entre outros.<\/li>\n<\/ul>\n\n\n\n<p>Embora o IPCA seja amplamente utilizado como indicador de infla\u00e7\u00e3o, ele n\u00e3o \u00e9 o \u00edndice mais comum para o reajuste de alugu\u00e9is. O \u00cdndice Geral de Pre\u00e7os do Mercado (IGP-M), calculado pela Funda\u00e7\u00e3o Get\u00falio Vargas (FGV), \u00e9 geralmente o \u00edndice preferido para esse fim, especialmente em contratos comerciais e de longo prazo.<\/p>\n\n\n\n<h3 class=\"wp-block-heading\">INPC (\u00cdndice Nacional de Pre\u00e7os ao Consumidor)<\/h3>\n\n\n\n<p>Assim como o IPCA, o INPC \u00e9 amplamente utilizado pelo governo, pelo mercado financeiro e pela popula\u00e7\u00e3o em geral para acompanhar a infla\u00e7\u00e3o e tomar decis\u00f5es econ\u00f4micas. Para o governo, o INPC \u00e9 importante para calcular reajustes de sal\u00e1rios, aposentadorias e benef\u00edcios sociais, como o sal\u00e1rio m\u00ednimo e os benef\u00edcios do INSS.<\/p>\n\n\n\n<p>Al\u00e9m disso, o INPC tamb\u00e9m \u00e9 utilizado como refer\u00eancia para a corre\u00e7\u00e3o de contratos e investimentos, assim como o IPCA. No entanto, devido ao seu foco em fam\u00edlias com renda mais baixa, o INPC pode ser considerado um indicador mais sens\u00edvel \u00e0s varia\u00e7\u00f5es de pre\u00e7os dos produtos e servi\u00e7os b\u00e1sicos, refletindo de forma mais precisa o impacto da infla\u00e7\u00e3o na popula\u00e7\u00e3o de baixa renda.<\/p>\n\n\n\n<h4 class=\"wp-block-heading\">Utiliza\u00e7\u00e3o do INPC no reajuste de alugu\u00e9is<\/h4>\n\n\n\n<p>Assim como o IPCA, o INPC tamb\u00e9m pode ser utilizado como base para o reajuste de alugu\u00e9is, especialmente em contratos residenciais e em situa\u00e7\u00f5es espec\u00edficas onde n\u00e3o h\u00e1 uma previs\u00e3o contratual para o \u00edndice de reajuste. No entanto, o \u00cdndice Geral de Pre\u00e7os do Mercado (IGP-M) continua sendo o \u00edndice mais comum para esse fim, principalmente em contratos comerciais e de longo prazo.<\/p>\n\n\n\n<p>O INPC pode ser uma op\u00e7\u00e3o interessante para o reajuste de alugu\u00e9is em casos onde se busca uma maior sensibilidade aos pre\u00e7os dos produtos e servi\u00e7os b\u00e1sicos, que tendem a impactar mais diretamente as fam\u00edlias com renda mais baixa. No entanto, \u00e9 importante que locadores e locat\u00e1rios estejam cientes das caracter\u00edsticas e das varia\u00e7\u00f5es do INPC para tomar decis\u00f5es informadas em rela\u00e7\u00e3o ao reajuste do aluguel.<\/p>\n\n\n\n<h2 class=\"wp-block-heading\">Limites legais para o reajuste de aluguel<\/h2>\n\n\n\n<p>Apesar da liberdade das partes para negociar o reajuste do aluguel, a Lei do Inquilinato estabelece alguns limites para evitar aumentos abusivos. De acordo com o artigo 19 da lei, o reajuste do aluguel n\u00e3o pode ser realizado de forma retroativa e deve respeitar o per\u00edodo m\u00ednimo de 12 meses entre um reajuste e outro.<\/p>\n\n\n\n<p>Al\u00e9m disso, a lei estabelece que, na aus\u00eancia de acordo entre as partes, o reajuste do aluguel n\u00e3o pode exceder a varia\u00e7\u00e3o acumulada de um dos \u00edndices de corre\u00e7\u00e3o monet\u00e1ria previstos na legisla\u00e7\u00e3o. Isso significa que, mesmo que o contrato de loca\u00e7\u00e3o preveja um \u00edndice espec\u00edfico para o reajuste, ele n\u00e3o pode ser aplicado se a varia\u00e7\u00e3o acumulada desse \u00edndice for superior ao limite estabelecido pela lei.<\/p>\n\n\n\n<h2 class=\"wp-block-heading\">Pr\u00e1ticas recomendadas para o reajuste de aluguel<\/h2>\n\n\n\n<p>As pr\u00e1ticas recomendadas para o reajuste de aluguel s\u00e3o fundamentais para garantir uma rela\u00e7\u00e3o saud\u00e1vel e transparente entre locador e locat\u00e1rio. Essas pr\u00e1ticas visam promover um processo de negocia\u00e7\u00e3o justo e equilibrado, levando em considera\u00e7\u00e3o os interesses e necessidades de ambas as partes. Abaixo, detalharemos algumas dessas pr\u00e1ticas:<\/p>\n\n\n\n<h3 class=\"wp-block-heading\">1. Comunica\u00e7\u00e3o Antecipada<\/h3>\n\n\n\n<p>\u00c9 importante que locador e locat\u00e1rio iniciem as negocia\u00e7\u00f5es para o reajuste do aluguel com anteced\u00eancia, preferencialmente alguns meses antes do t\u00e9rmino do contrato de loca\u00e7\u00e3o. Isso permite que ambas as partes tenham tempo suficiente para avaliar as condi\u00e7\u00f5es do mercado, discutir as expectativas e chegar a um acordo que seja justo e razo\u00e1vel para ambas as partes.<\/p>\n\n\n\n<h3 class=\"wp-block-heading\">2. Transpar\u00eancia e Informa\u00e7\u00e3o<\/h3>\n\n\n\n<p>Durante as negocia\u00e7\u00f5es, \u00e9 fundamental que ambas as partes sejam transparentes e forne\u00e7am todas as informa\u00e7\u00f5es relevantes para calcular o reajuste do aluguel. Isso inclui a apresenta\u00e7\u00e3o dos \u00edndices de corre\u00e7\u00e3o monet\u00e1ria utilizados, a varia\u00e7\u00e3o acumulada desses \u00edndices, bem como quaisquer outros fatores que possam influenciar no valor do aluguel, como a valoriza\u00e7\u00e3o do im\u00f3vel ou melhorias realizadas.<\/p>\n\n\n\n<h3 class=\"wp-block-heading\">3. Negocia\u00e7\u00e3o Equilibrada<\/h3>\n\n\n\n<p>O reajuste do aluguel deve ser justo e equilibrado para ambas as partes. Isso significa que tanto o locador quanto o locat\u00e1rio devem considerar diversos aspectos durante as negocia\u00e7\u00f5es, como a varia\u00e7\u00e3o dos \u00edndices de corre\u00e7\u00e3o monet\u00e1ria, as condi\u00e7\u00f5es econ\u00f4micas do mercado, a valoriza\u00e7\u00e3o do im\u00f3vel, entre outros. \u00c9 importante que ambas as partes estejam abertas ao di\u00e1logo e demonstrem flexibilidade para chegar a um acordo que seja mutuamente ben\u00e9fico.<\/p>\n\n\n\n<h3 class=\"wp-block-heading\">4. Considera\u00e7\u00e3o de Benef\u00edcios e Custos Adicionais<\/h3>\n\n\n\n<p>Durante as negocia\u00e7\u00f5es, \u00e9 importante que o locador leve em considera\u00e7\u00e3o n\u00e3o apenas a varia\u00e7\u00e3o dos \u00edndices de corre\u00e7\u00e3o monet\u00e1ria, mas tamb\u00e9m outros benef\u00edcios e custos adicionais que possam estar relacionados ao im\u00f3vel. Isso inclui despesas com manuten\u00e7\u00e3o, seguran\u00e7a, servi\u00e7os de portaria, entre outros. Da mesma forma, o locat\u00e1rio deve estar ciente desses custos adicionais e consider\u00e1-los ao avaliar o valor do aluguel.<\/p>\n\n\n\n<h3 class=\"wp-block-heading\">5. Formaliza\u00e7\u00e3o do Acordo<\/h3>\n\n\n\n<p>Ap\u00f3s chegar a um acordo sobre o reajuste do aluguel, \u00e9 essencial que as partes formalizem esse acordo por escrito, por meio de um aditivo contratual. Isso garante que as condi\u00e7\u00f5es negociadas sejam registradas de forma clara e objetiva, evitando mal-entendidos no futuro e garantindo a seguran\u00e7a jur\u00eddica do contrato de loca\u00e7\u00e3o.<\/p>\n\n\n\n<figure class=\"wp-block-image size-large\"><img decoding=\"async\" width=\"1024\" height=\"797\" src=\"https:\/\/www.somuchtosaytoday.com\/wp-content\/uploads\/2024\/03\/image-173-1024x797.png\" alt=\"\" class=\"wp-image-2304\" srcset=\"https:\/\/www.somuchtosaytoday.com\/wp-content\/uploads\/2024\/03\/image-173-1024x797.png 1024w, https:\/\/www.somuchtosaytoday.com\/wp-content\/uploads\/2024\/03\/image-173-300x233.png 300w, https:\/\/www.somuchtosaytoday.com\/wp-content\/uploads\/2024\/03\/image-173-768x598.png 768w, https:\/\/www.somuchtosaytoday.com\/wp-content\/uploads\/2024\/03\/image-173-15x12.png 15w, https:\/\/www.somuchtosaytoday.com\/wp-content\/uploads\/2024\/03\/image-173.png 1280w\" sizes=\"(max-width: 1024px) 100vw, 1024px\" \/><\/figure>\n\n\n\n<h3 class=\"wp-block-heading\">6. Acompanhamento e Revis\u00e3o Peri\u00f3dica<\/h3>\n\n\n\n<p>Ap\u00f3s o reajuste do aluguel, \u00e9 importante que ambas as partes acompanhem regularmente a evolu\u00e7\u00e3o do mercado e revisem periodicamente as condi\u00e7\u00f5es do contrato de loca\u00e7\u00e3o. Isso pode incluir a realiza\u00e7\u00e3o de novas negocia\u00e7\u00f5es de reajuste, caso necess\u00e1rio, para garantir que o valor do aluguel continue sendo justo e equilibrado ao longo do tempo.<\/p>\n\n\n\n<h2 class=\"wp-block-heading\">Atente-se \u00e0s regras e limita\u00e7\u00f5es<\/h2>\n\n\n\n<p>O reajuste de aluguel \u00e9 uma pr\u00e1tica comum no mercado imobili\u00e1rio que visa atualizar o valor do aluguel de acordo com a varia\u00e7\u00e3o dos \u00edndices econ\u00f4micos. No Brasil, o reajuste do aluguel est\u00e1 sujeito a regras e limita\u00e7\u00f5es estabelecidas pela Lei do Inquilinato, que visam proteger os direitos tanto do locador quanto do locat\u00e1rio.<\/p>\n\n\n\n<p>\u00c9 fundamental que locador e locat\u00e1rio conhe\u00e7am essas regras para evitar conflitos e garantir uma rela\u00e7\u00e3o contratual equilibrada. Ao negociar o reajuste do aluguel, \u00e9 importante que as partes sejam transparentes, busquem um acordo justo e formalizem esse acordo por escrito. Dessa forma, ser\u00e1 poss\u00edvel manter uma rela\u00e7\u00e3o saud\u00e1vel e transparente entre as partes envolvidas.<\/p>\n\n\n\n<p>31 de mar\u00e7o de 2024<\/p>",
        "protected": false
    },
    "excerpt": {
        "rendered": "<p>O reajuste de aluguel \u00e9 um tema que gera frequentes d\u00favidas tanto para locadores quanto para locat\u00e1rios. Em um cen\u00e1rio econ\u00f4mico vol\u00e1til como o que vivemos, entender os limites legais para esse tipo de ajuste \u00e9 essencial para evitar conflitos e garantir uma rela\u00e7\u00e3o saud\u00e1vel entre as partes envolvidas.&nbsp; Entendendo o reajuste de aluguel Entender &#8230; <a title=\"Reajuste de Aluguel: Qual o valor permitido por lei?\" class=\"read-more\" href=\"https:\/\/www.somuchtosaytoday.com\/pt\/reajuste-de-aluguel-qual-o-valor-permitido-por-lei\/\" aria-label=\"Read more about Reajuste de Aluguel: Qual o valor permitido por lei?\">Leia mais<\/a><\/p>",
        "protected": false
    },
    "author": 2,
    "featured_media": 2303,
    "comment_status": "closed",
    "ping_status": "closed",
    "sticky": false,
    "template": "",
    "format": "standard",
    "meta": {
        "kia_subtitle": "",
        "footnotes": ""
    },
    "categories": [
        10
    ],
    "tags": [],
    "class_list": [
        "post-2283",
        "post",
        "type-post",
        "status-publish",
        "format-standard",
        "has-post-thumbnail",
        "hentry",
        "category-economia",
        "infinite-scroll-item",
        "resize-featured-image"
    ],
    "yoast_head": "<!-- This site is optimized with the Yoast SEO plugin v26.3 - https:\/\/yoast.com\/wordpress\/plugins\/seo\/ -->\n<title>Reajuste de Aluguel: Qual o valor permitido por lei? - somuchtosaytoday<\/title>\n<meta name=\"robots\" content=\"index, follow, max-snippet:-1, max-image-preview:large, max-video-preview:-1\" \/>\n<link rel=\"canonical\" href=\"https:\/\/www.somuchtosaytoday.com\/pt\/rent-adjustment-how-much-is-allowed-by-law\/\" \/>\n<meta property=\"og:locale\" content=\"pt_BR\" \/>\n<meta property=\"og:type\" content=\"article\" \/>\n<meta property=\"og:title\" content=\"Reajuste de Aluguel: Qual o valor permitido por lei? - somuchtosaytoday\" \/>\n<meta property=\"og:description\" content=\"O reajuste de aluguel \u00e9 um tema que gera frequentes d\u00favidas tanto para locadores quanto para locat\u00e1rios. Em um cen\u00e1rio econ\u00f4mico vol\u00e1til como o que vivemos, entender os limites legais para esse tipo de ajuste \u00e9 essencial para evitar conflitos e garantir uma rela\u00e7\u00e3o saud\u00e1vel entre as partes envolvidas.&nbsp; Entendendo o reajuste de aluguel Entender ... Leia mais\" \/>\n<meta property=\"og:url\" content=\"https:\/\/www.somuchtosaytoday.com\/pt\/rent-adjustment-how-much-is-allowed-by-law\/\" \/>\n<meta property=\"og:site_name\" content=\"somuchtosaytoday\" \/>\n<meta property=\"article:published_time\" content=\"2024-03-31T05:26:48+00:00\" \/>\n<meta property=\"article:modified_time\" content=\"2024-03-31T05:26:53+00:00\" \/>\n<meta property=\"og:image\" content=\"https:\/\/www.somuchtosaytoday.com\/wp-content\/uploads\/2024\/03\/image-172.png\" \/>\n\t<meta property=\"og:image:width\" content=\"1280\" \/>\n\t<meta property=\"og:image:height\" content=\"853\" \/>\n\t<meta property=\"og:image:type\" content=\"image\/png\" \/>\n<meta name=\"author\" content=\"Michele\" \/>\n<meta name=\"twitter:card\" content=\"summary_large_image\" \/>\n<meta name=\"twitter:label1\" content=\"Escrito por\" \/>\n\t<meta name=\"twitter:data1\" content=\"Michele\" \/>\n\t<meta name=\"twitter:label2\" content=\"Est. tempo de leitura\" \/>\n\t<meta name=\"twitter:data2\" content=\"12 minutos\" \/>\n<script type=\"application\/ld+json\" class=\"yoast-schema-graph\">{\"@context\":\"https:\/\/schema.org\",\"@graph\":[{\"@type\":\"Article\",\"@id\":\"https:\/\/www.somuchtosaytoday.com\/rent-adjustment-how-much-is-allowed-by-law\/#article\",\"isPartOf\":{\"@id\":\"https:\/\/www.somuchtosaytoday.com\/rent-adjustment-how-much-is-allowed-by-law\/\"},\"author\":{\"name\":\"Michele\",\"@id\":\"https:\/\/www.somuchtosaytoday.com\/#\/schema\/person\/6cf3b561aa424acf000e3ea09f0d5c02\"},\"headline\":\"Reajuste de Aluguel: Qual o valor permitido por lei?\",\"datePublished\":\"2024-03-31T05:26:48+00:00\",\"dateModified\":\"2024-03-31T05:26:53+00:00\",\"mainEntityOfPage\":{\"@id\":\"https:\/\/www.somuchtosaytoday.com\/rent-adjustment-how-much-is-allowed-by-law\/\"},\"wordCount\":2315,\"publisher\":{\"@id\":\"https:\/\/www.somuchtosaytoday.com\/#organization\"},\"image\":{\"@id\":\"https:\/\/www.somuchtosaytoday.com\/rent-adjustment-how-much-is-allowed-by-law\/#primaryimage\"},\"thumbnailUrl\":\"https:\/\/www.somuchtosaytoday.com\/wp-content\/uploads\/2024\/03\/image-172.png\",\"articleSection\":[\"Economia\"],\"inLanguage\":\"pt-BR\"},{\"@type\":\"WebPage\",\"@id\":\"https:\/\/www.somuchtosaytoday.com\/rent-adjustment-how-much-is-allowed-by-law\/\",\"url\":\"https:\/\/www.somuchtosaytoday.com\/rent-adjustment-how-much-is-allowed-by-law\/\",\"name\":\"Reajuste de Aluguel: Qual o valor permitido por lei? - somuchtosaytoday\",\"isPartOf\":{\"@id\":\"https:\/\/www.somuchtosaytoday.com\/#website\"},\"primaryImageOfPage\":{\"@id\":\"https:\/\/www.somuchtosaytoday.com\/rent-adjustment-how-much-is-allowed-by-law\/#primaryimage\"},\"image\":{\"@id\":\"https:\/\/www.somuchtosaytoday.com\/rent-adjustment-how-much-is-allowed-by-law\/#primaryimage\"},\"thumbnailUrl\":\"https:\/\/www.somuchtosaytoday.com\/wp-content\/uploads\/2024\/03\/image-172.png\",\"datePublished\":\"2024-03-31T05:26:48+00:00\",\"dateModified\":\"2024-03-31T05:26:53+00:00\",\"breadcrumb\":{\"@id\":\"https:\/\/www.somuchtosaytoday.com\/rent-adjustment-how-much-is-allowed-by-law\/#breadcrumb\"},\"inLanguage\":\"pt-BR\",\"potentialAction\":[{\"@type\":\"ReadAction\",\"target\":[\"https:\/\/www.somuchtosaytoday.com\/rent-adjustment-how-much-is-allowed-by-law\/\"]}]},{\"@type\":\"ImageObject\",\"inLanguage\":\"pt-BR\",\"@id\":\"https:\/\/www.somuchtosaytoday.com\/rent-adjustment-how-much-is-allowed-by-law\/#primaryimage\",\"url\":\"https:\/\/www.somuchtosaytoday.com\/wp-content\/uploads\/2024\/03\/image-172.png\",\"contentUrl\":\"https:\/\/www.somuchtosaytoday.com\/wp-content\/uploads\/2024\/03\/image-172.png\",\"width\":1280,\"height\":853},{\"@type\":\"BreadcrumbList\",\"@id\":\"https:\/\/www.somuchtosaytoday.com\/rent-adjustment-how-much-is-allowed-by-law\/#breadcrumb\",\"itemListElement\":[{\"@type\":\"ListItem\",\"position\":1,\"name\":\"Home\",\"item\":\"https:\/\/www.somuchtosaytoday.com\/en\/\"},{\"@type\":\"ListItem\",\"position\":2,\"name\":\"Economia\",\"item\":\"https:\/\/www.somuchtosaytoday.com\/category\/economy\/\"},{\"@type\":\"ListItem\",\"position\":3,\"name\":\"Reajuste de Aluguel: Qual o valor permitido por lei?\"}]},{\"@type\":\"WebSite\",\"@id\":\"https:\/\/www.somuchtosaytoday.com\/#website\",\"url\":\"https:\/\/www.somuchtosaytoday.com\/\",\"name\":\"somuchtosaytoday\",\"description\":\"\",\"publisher\":{\"@id\":\"https:\/\/www.somuchtosaytoday.com\/#organization\"},\"potentialAction\":[{\"@type\":\"SearchAction\",\"target\":{\"@type\":\"EntryPoint\",\"urlTemplate\":\"https:\/\/www.somuchtosaytoday.com\/?s={search_term_string}\"},\"query-input\":{\"@type\":\"PropertyValueSpecification\",\"valueRequired\":true,\"valueName\":\"search_term_string\"}}],\"inLanguage\":\"pt-BR\"},{\"@type\":\"Organization\",\"@id\":\"https:\/\/www.somuchtosaytoday.com\/#organization\",\"name\":\"somuchtosaytoday\",\"url\":\"https:\/\/www.somuchtosaytoday.com\/\",\"logo\":{\"@type\":\"ImageObject\",\"inLanguage\":\"pt-BR\",\"@id\":\"https:\/\/www.somuchtosaytoday.com\/#\/schema\/logo\/image\/\",\"url\":\"https:\/\/www.somuchtosaytoday.com\/wp-content\/uploads\/2024\/03\/cropped-LODO-TODAY-FUNDO-TRANSPARENTE-.fw_.png\",\"contentUrl\":\"https:\/\/www.somuchtosaytoday.com\/wp-content\/uploads\/2024\/03\/cropped-LODO-TODAY-FUNDO-TRANSPARENTE-.fw_.png\",\"width\":599,\"height\":216,\"caption\":\"somuchtosaytoday\"},\"image\":{\"@id\":\"https:\/\/www.somuchtosaytoday.com\/#\/schema\/logo\/image\/\"}},{\"@type\":\"Person\",\"@id\":\"https:\/\/www.somuchtosaytoday.com\/#\/schema\/person\/6cf3b561aa424acf000e3ea09f0d5c02\",\"name\":\"Michele\",\"description\":\"Formada em Letras - Portugu\u00eas\/ Ingl\u00eas, e idealizadora do site Escritora de Sucesso, busca expandir o conhecimento de todos com informa\u00e7\u00f5es relevantes sobre diversos assuntos, enquanto redatora. No SoMuchToSayToday, traz not\u00edcias e conte\u00fados que partem do entretenimento \u00e0 situa\u00e7\u00e3o econ\u00f4mica do pa\u00eds.\",\"url\":\"https:\/\/www.somuchtosaytoday.com\/pt\/author\/micheli\/\"}]}<\/script>\n<!-- \/ Yoast SEO plugin. -->",
    "yoast_head_json": {
        "title": "Reajuste de Aluguel: Qual o valor permitido por lei? - somuchtosaytoday",
        "robots": {
            "index": "index",
            "follow": "follow",
            "max-snippet": "max-snippet:-1",
            "max-image-preview": "max-image-preview:large",
            "max-video-preview": "max-video-preview:-1"
        },
        "canonical": "https:\/\/www.somuchtosaytoday.com\/pt\/rent-adjustment-how-much-is-allowed-by-law\/",
        "og_locale": "pt_BR",
        "og_type": "article",
        "og_title": "Reajuste de Aluguel: Qual o valor permitido por lei? - somuchtosaytoday",
        "og_description": "O reajuste de aluguel \u00e9 um tema que gera frequentes d\u00favidas tanto para locadores quanto para locat\u00e1rios. Em um cen\u00e1rio econ\u00f4mico vol\u00e1til como o que vivemos, entender os limites legais para esse tipo de ajuste \u00e9 essencial para evitar conflitos e garantir uma rela\u00e7\u00e3o saud\u00e1vel entre as partes envolvidas.&nbsp; Entendendo o reajuste de aluguel Entender ... Leia mais",
        "og_url": "https:\/\/www.somuchtosaytoday.com\/pt\/rent-adjustment-how-much-is-allowed-by-law\/",
        "og_site_name": "somuchtosaytoday",
        "article_published_time": "2024-03-31T05:26:48+00:00",
        "article_modified_time": "2024-03-31T05:26:53+00:00",
        "og_image": [
            {
                "width": 1280,
                "height": 853,
                "url": "https:\/\/www.somuchtosaytoday.com\/wp-content\/uploads\/2024\/03\/image-172.png",
                "type": "image\/png"
            }
        ],
        "author": "Michele",
        "twitter_card": "summary_large_image",
        "twitter_misc": {
            "Escrito por": "Michele",
            "Est. tempo de leitura": "12 minutos"
        },
        "schema": {
            "@context": "https:\/\/schema.org",
            "@graph": [
                {
                    "@type": "Article",
                    "@id": "https:\/\/www.somuchtosaytoday.com\/rent-adjustment-how-much-is-allowed-by-law\/#article",
                    "isPartOf": {
                        "@id": "https:\/\/www.somuchtosaytoday.com\/rent-adjustment-how-much-is-allowed-by-law\/"
                    },
                    "author": {
                        "name": "Michele",
                        "@id": "https:\/\/www.somuchtosaytoday.com\/#\/schema\/person\/6cf3b561aa424acf000e3ea09f0d5c02"
                    },
                    "headline": "Reajuste de Aluguel: Qual o valor permitido por lei?",
                    "datePublished": "2024-03-31T05:26:48+00:00",
                    "dateModified": "2024-03-31T05:26:53+00:00",
                    "mainEntityOfPage": {
                        "@id": "https:\/\/www.somuchtosaytoday.com\/rent-adjustment-how-much-is-allowed-by-law\/"
                    },
                    "wordCount": 2315,
                    "publisher": {
                        "@id": "https:\/\/www.somuchtosaytoday.com\/#organization"
                    },
                    "image": {
                        "@id": "https:\/\/www.somuchtosaytoday.com\/rent-adjustment-how-much-is-allowed-by-law\/#primaryimage"
                    },
                    "thumbnailUrl": "https:\/\/www.somuchtosaytoday.com\/wp-content\/uploads\/2024\/03\/image-172.png",
                    "articleSection": [
                        "Economia"
                    ],
                    "inLanguage": "pt-BR"
                },
                {
                    "@type": "WebPage",
                    "@id": "https:\/\/www.somuchtosaytoday.com\/rent-adjustment-how-much-is-allowed-by-law\/",
                    "url": "https:\/\/www.somuchtosaytoday.com\/rent-adjustment-how-much-is-allowed-by-law\/",
                    "name": "Reajuste de Aluguel: Qual o valor permitido por lei? - somuchtosaytoday",
                    "isPartOf": {
                        "@id": "https:\/\/www.somuchtosaytoday.com\/#website"
                    },
                    "primaryImageOfPage": {
                        "@id": "https:\/\/www.somuchtosaytoday.com\/rent-adjustment-how-much-is-allowed-by-law\/#primaryimage"
                    },
                    "image": {
                        "@id": "https:\/\/www.somuchtosaytoday.com\/rent-adjustment-how-much-is-allowed-by-law\/#primaryimage"
                    },
                    "thumbnailUrl": "https:\/\/www.somuchtosaytoday.com\/wp-content\/uploads\/2024\/03\/image-172.png",
                    "datePublished": "2024-03-31T05:26:48+00:00",
                    "dateModified": "2024-03-31T05:26:53+00:00",
                    "breadcrumb": {
                        "@id": "https:\/\/www.somuchtosaytoday.com\/rent-adjustment-how-much-is-allowed-by-law\/#breadcrumb"
                    },
                    "inLanguage": "pt-BR",
                    "potentialAction": [
                        {
                            "@type": "ReadAction",
                            "target": [
                                "https:\/\/www.somuchtosaytoday.com\/rent-adjustment-how-much-is-allowed-by-law\/"
                            ]
                        }
                    ]
                },
                {
                    "@type": "ImageObject",
                    "inLanguage": "pt-BR",
                    "@id": "https:\/\/www.somuchtosaytoday.com\/rent-adjustment-how-much-is-allowed-by-law\/#primaryimage",
                    "url": "https:\/\/www.somuchtosaytoday.com\/wp-content\/uploads\/2024\/03\/image-172.png",
                    "contentUrl": "https:\/\/www.somuchtosaytoday.com\/wp-content\/uploads\/2024\/03\/image-172.png",
                    "width": 1280,
                    "height": 853
                },
                {
                    "@type": "BreadcrumbList",
                    "@id": "https:\/\/www.somuchtosaytoday.com\/rent-adjustment-how-much-is-allowed-by-law\/#breadcrumb",
                    "itemListElement": [
                        {
                            "@type": "ListItem",
                            "position": 1,
                            "name": "Home",
                            "item": "https:\/\/www.somuchtosaytoday.com\/en\/"
                        },
                        {
                            "@type": "ListItem",
                            "position": 2,
                            "name": "Economia",
                            "item": "https:\/\/www.somuchtosaytoday.com\/category\/economy\/"
                        },
                        {
                            "@type": "ListItem",
                            "position": 3,
                            "name": "Reajuste de Aluguel: Qual o valor permitido por lei?"
                        }
                    ]
                },
                {
                    "@type": "WebSite",
                    "@id": "https:\/\/www.somuchtosaytoday.com\/#website",
                    "url": "https:\/\/www.somuchtosaytoday.com\/",
                    "name": "somuchtosaytoday",
                    "description": "",
                    "publisher": {
                        "@id": "https:\/\/www.somuchtosaytoday.com\/#organization"
                    },
                    "potentialAction": [
                        {
                            "@type": "SearchAction",
                            "target": {
                                "@type": "EntryPoint",
                                "urlTemplate": "https:\/\/www.somuchtosaytoday.com\/?s={search_term_string}"
                            },
                            "query-input": {
                                "@type": "PropertyValueSpecification",
                                "valueRequired": true,
                                "valueName": "search_term_string"
                            }
                        }
                    ],
                    "inLanguage": "pt-BR"
                },
                {
                    "@type": "Organization",
                    "@id": "https:\/\/www.somuchtosaytoday.com\/#organization",
                    "name": "somuchtosaytoday",
                    "url": "https:\/\/www.somuchtosaytoday.com\/",
                    "logo": {
                        "@type": "ImageObject",
                        "inLanguage": "pt-BR",
                        "@id": "https:\/\/www.somuchtosaytoday.com\/#\/schema\/logo\/image\/",
                        "url": "https:\/\/www.somuchtosaytoday.com\/wp-content\/uploads\/2024\/03\/cropped-LODO-TODAY-FUNDO-TRANSPARENTE-.fw_.png",
                        "contentUrl": "https:\/\/www.somuchtosaytoday.com\/wp-content\/uploads\/2024\/03\/cropped-LODO-TODAY-FUNDO-TRANSPARENTE-.fw_.png",
                        "width": 599,
                        "height": 216,
                        "caption": "somuchtosaytoday"
                    },
                    "image": {
                        "@id": "https:\/\/www.somuchtosaytoday.com\/#\/schema\/logo\/image\/"
                    }
                },
                {
                    "@type": "Person",
                    "@id": "https:\/\/www.somuchtosaytoday.com\/#\/schema\/person\/6cf3b561aa424acf000e3ea09f0d5c02",
                    "name": "Michele",
                    "description": "Formada em Letras - Portugu\u00eas\/ Ingl\u00eas, e idealizadora do site Escritora de Sucesso, busca expandir o conhecimento de todos com informa\u00e7\u00f5es relevantes sobre diversos assuntos, enquanto redatora. No SoMuchToSayToday, traz not\u00edcias e conte\u00fados que partem do entretenimento \u00e0 situa\u00e7\u00e3o econ\u00f4mica do pa\u00eds.",
                    "url": "https:\/\/www.somuchtosaytoday.com\/pt\/author\/micheli\/"
                }
            ]
        }
    },
    "_links": {
        "self": [
            {
                "href": "https:\/\/www.somuchtosaytoday.com\/pt\/wp-json\/wp\/v2\/posts\/2283",
                "targetHints": {
                    "allow": [
                        "GET"
                    ]
                }
            }
        ],
        "collection": [
            {
                "href": "https:\/\/www.somuchtosaytoday.com\/pt\/wp-json\/wp\/v2\/posts"
            }
        ],
        "about": [
            {
                "href": "https:\/\/www.somuchtosaytoday.com\/pt\/wp-json\/wp\/v2\/types\/post"
            }
        ],
        "author": [
            {
                "embeddable": true,
                "href": "https:\/\/www.somuchtosaytoday.com\/pt\/wp-json\/wp\/v2\/users\/2"
            }
        ],
        "replies": [
            {
                "embeddable": true,
                "href": "https:\/\/www.somuchtosaytoday.com\/pt\/wp-json\/wp\/v2\/comments?post=2283"
            }
        ],
        "version-history": [
            {
                "count": 2,
                "href": "https:\/\/www.somuchtosaytoday.com\/pt\/wp-json\/wp\/v2\/posts\/2283\/revisions"
            }
        ],
        "predecessor-version": [
            {
                "id": 2306,
                "href": "https:\/\/www.somuchtosaytoday.com\/pt\/wp-json\/wp\/v2\/posts\/2283\/revisions\/2306"
            }
        ],
        "wp:featuredmedia": [
            {
                "embeddable": true,
                "href": "https:\/\/www.somuchtosaytoday.com\/pt\/wp-json\/wp\/v2\/media\/2303"
            }
        ],
        "wp:attachment": [
            {
                "href": "https:\/\/www.somuchtosaytoday.com\/pt\/wp-json\/wp\/v2\/media?parent=2283"
            }
        ],
        "wp:term": [
            {
                "taxonomy": "category",
                "embeddable": true,
                "href": "https:\/\/www.somuchtosaytoday.com\/pt\/wp-json\/wp\/v2\/categories?post=2283"
            },
            {
                "taxonomy": "post_tag",
                "embeddable": true,
                "href": "https:\/\/www.somuchtosaytoday.com\/pt\/wp-json\/wp\/v2\/tags?post=2283"
            }
        ],
        "curies": [
            {
                "name": "wp",
                "href": "https:\/\/api.w.org\/{rel}",
                "templated": true
            }
        ]
    }
}