{
    "id": 2228,
    "date": "2024-03-31T06:05:00",
    "date_gmt": "2024-03-31T03:05:00",
    "guid": {
        "rendered": "https:\/\/www.somuchtosaytoday.com\/?p=2228"
    },
    "modified": "2024-03-31T06:05:06",
    "modified_gmt": "2024-03-31T03:05:06",
    "slug": "quais-sao-os-programas-sociais-do-distrito-federal-veja-se-voce-tem-direito",
    "status": "publish",
    "type": "post",
    "link": "https:\/\/www.somuchtosaytoday.com\/pt\/quais-sao-os-programas-sociais-do-distrito-federal-veja-se-voce-tem-direito\/",
    "title": {
        "rendered": "Quais s\u00e3o os programas sociais do Distrito Federal? Veja se voc\u00ea tem direito"
    },
    "content": {
        "rendered": "<p>No cen\u00e1rio atual, onde a desigualdade social \u00e9 uma realidade que afeta milh\u00f5es de brasileiros, os programas sociais desempenham um papel crucial na promo\u00e7\u00e3o da inclus\u00e3o e no combate \u00e0 pobreza. No Distrito Federal, n\u00e3o \u00e9 diferente. Governos estaduais e municipais t\u00eam implementado uma s\u00e9rie de iniciativas voltadas para a assist\u00eancia e prote\u00e7\u00e3o social, visando oferecer suporte financeiro, alimentar e educacional para aqueles que mais necessitam.<\/p>\n\n\n\n<h2 class=\"wp-block-heading\">Quais s\u00e3o os programas sociais do Distrito Federal?<\/h2>\n\n\n\n<p>Se voc\u00ea \u00e9 residente do Distrito Federal e est\u00e1 em busca de apoio financeiro ou assist\u00eancia social, \u00e9 importante estar ciente dos programas sociais dispon\u00edveis. O Distrito Federal, assim como outras regi\u00f5es do Brasil, oferece uma variedade de programas sociais destinados a ajudar aqueles em situa\u00e7\u00e3o de vulnerabilidade ou que precisam de aux\u00edlio em diferentes \u00e1reas da vida.&nbsp;<\/p>\n\n\n\n<h3 class=\"wp-block-heading\">1. Bolsa Fam\u00edlia<\/h3>\n\n\n\n<p>O Bolsa Fam\u00edlia \u00e9 um dos programas sociais mais importantes e abrangentes do Brasil, estendendo sua rede de prote\u00e7\u00e3o para diversas regi\u00f5es do pa\u00eds, incluindo o Distrito Federal. Criado pelo Governo Federal em 2003, o Bolsa Fam\u00edlia tem como principal objetivo promover o al\u00edvio imediato da pobreza e a inclus\u00e3o social, por meio da transfer\u00eancia direta de renda para fam\u00edlias em situa\u00e7\u00e3o de extrema pobreza e pobreza.<\/p>\n\n\n\n<p>No Distrito Federal, o Bolsa Fam\u00edlia desempenha um papel fundamental na garantia do acesso a direitos b\u00e1sicos, como alimenta\u00e7\u00e3o, sa\u00fade e educa\u00e7\u00e3o, para milhares de fam\u00edlias em condi\u00e7\u00f5es de vulnerabilidade socioecon\u00f4mica. Por meio do programa, as fam\u00edlias benefici\u00e1rias recebem um aux\u00edlio financeiro mensal, cujo valor varia de acordo com a composi\u00e7\u00e3o familiar e a renda per capita.<\/p>\n\n\n\n<figure class=\"wp-block-image size-large\"><img fetchpriority=\"high\" decoding=\"async\" width=\"1024\" height=\"683\" src=\"https:\/\/www.somuchtosaytoday.com\/wp-content\/uploads\/2024\/03\/image-153-1024x683.png\" alt=\"\" class=\"wp-image-2256\" srcset=\"https:\/\/www.somuchtosaytoday.com\/wp-content\/uploads\/2024\/03\/image-153-1024x683.png 1024w, https:\/\/www.somuchtosaytoday.com\/wp-content\/uploads\/2024\/03\/image-153-300x200.png 300w, https:\/\/www.somuchtosaytoday.com\/wp-content\/uploads\/2024\/03\/image-153-768x512.png 768w, https:\/\/www.somuchtosaytoday.com\/wp-content\/uploads\/2024\/03\/image-153-18x12.png 18w, https:\/\/www.somuchtosaytoday.com\/wp-content\/uploads\/2024\/03\/image-153.png 1080w\" sizes=\"(max-width: 1024px) 100vw, 1024px\" \/><figcaption class=\"wp-element-caption\">Imagem: Reprodu\u00e7\u00e3o<\/figcaption><\/figure>\n\n\n\n<p>Para se inscrever no Bolsa Fam\u00edlia, as fam\u00edlias devem atender aos crit\u00e9rios estabelecidos pelo governo federal, incluindo a renda mensal por pessoa, que deve ser de at\u00e9 R$ 89,00 para extrema pobreza e de R$ 89,01 a R$ 178,00 para pobreza. Al\u00e9m disso, \u00e9 necess\u00e1rio que as fam\u00edlias tenham em sua composi\u00e7\u00e3o crian\u00e7as e adolescentes de 0 a 17 anos, gestantes e nutrizes (m\u00e3es que amamentam).<\/p>\n\n\n\n<p>\u00c9 importante ressaltar que o Bolsa Fam\u00edlia n\u00e3o se trata apenas de uma transfer\u00eancia de renda, mas tamb\u00e9m de um instrumento de inclus\u00e3o social, que busca promover o acesso das fam\u00edlias benefici\u00e1rias a servi\u00e7os essenciais, como sa\u00fade e educa\u00e7\u00e3o. Para tanto, o programa prev\u00ea a realiza\u00e7\u00e3o de acompanhamento das condicionalidades de sa\u00fade e educa\u00e7\u00e3o, garantindo que as crian\u00e7as e adolescentes estejam matriculados na escola e com as vacinas em dia.<\/p>\n\n\n\n<h3 class=\"wp-block-heading\">2. Programa de Complementa\u00e7\u00e3o de Renda (PCR)<\/h3>\n\n\n\n<p>No Distrito Federal, o Programa de Complementa\u00e7\u00e3o de Renda (PCR) \u00e9 uma iniciativa governamental voltada para a assist\u00eancia de fam\u00edlias em situa\u00e7\u00e3o de vulnerabilidade social. Seu principal objetivo \u00e9 oferecer um suporte financeiro adicional para fam\u00edlias que enfrentam dificuldades econ\u00f4micas, contribuindo para a melhoria das condi\u00e7\u00f5es de vida e a promo\u00e7\u00e3o da inclus\u00e3o social.<\/p>\n\n\n\n<p>Assim como outros programas sociais, o PCR busca atingir especialmente as fam\u00edlias em situa\u00e7\u00e3o de pobreza e extrema pobreza, cujas condi\u00e7\u00f5es financeiras s\u00e3o insuficientes para garantir o acesso a necessidades b\u00e1sicas, como alimenta\u00e7\u00e3o, moradia e sa\u00fade. Por meio da complementa\u00e7\u00e3o de renda, o programa visa proporcionar uma maior estabilidade financeira e reduzir a vulnerabilidade dessas fam\u00edlias.<\/p>\n\n\n\n<p>O benef\u00edcio oferecido pelo PCR \u00e9 concedido de forma mensal e seu valor varia de acordo com a composi\u00e7\u00e3o familiar e a renda per capita. Para se inscrever no programa, as fam\u00edlias interessadas devem procurar os \u00f3rg\u00e3os respons\u00e1veis pela assist\u00eancia social do Distrito Federal, como os Centros de Refer\u00eancia de Assist\u00eancia Social (CRAS) ou as Secretarias de Desenvolvimento Social.<\/p>\n\n\n\n<h3 class=\"wp-block-heading\">3. Programa Renda M\u00ednima<\/h3>\n\n\n\n<p>No Distrito Federal, o Programa Renda M\u00ednima \u00e9 uma iniciativa do Governo local voltada para a assist\u00eancia de fam\u00edlias em condi\u00e7\u00f5es de extrema pobreza. Esse programa tem como principal objetivo garantir um suporte financeiro m\u00ednimo para essas fam\u00edlias, contribuindo para a redu\u00e7\u00e3o da desigualdade social e o combate \u00e0 pobreza.<\/p>\n\n\n\n<p>O Programa Renda M\u00ednima oferece um benef\u00edcio financeiro mensal para as fam\u00edlias participantes, cujo valor pode variar de acordo com crit\u00e9rios estabelecidos pelas autoridades competentes. Esse benef\u00edcio visa complementar a renda das fam\u00edlias e garantir o acesso a recursos b\u00e1sicos, como alimenta\u00e7\u00e3o, moradia e sa\u00fade.<\/p>\n\n\n\n<p>Para se inscrever no Programa Renda M\u00ednima, as fam\u00edlias interessadas devem atender aos requisitos estabelecidos pelas autoridades locais, que geralmente incluem crit\u00e9rios de renda, composi\u00e7\u00e3o familiar e situa\u00e7\u00e3o de vulnerabilidade. As inscri\u00e7\u00f5es e informa\u00e7\u00f5es sobre o programa podem ser obtidas nos \u00f3rg\u00e3os respons\u00e1veis pela assist\u00eancia social do Distrito Federal, como os Centros de Refer\u00eancia de Assist\u00eancia Social (CRAS) ou as Secretarias de Desenvolvimento Social.<\/p>\n\n\n\n<h3 class=\"wp-block-heading\">4. Cart\u00e3o Prato Cheio<\/h3>\n\n\n\n<p>No Distrito Federal, o Cart\u00e3o Prato Cheio \u00e9 uma iniciativa essencial do Governo local voltada para a promo\u00e7\u00e3o da seguran\u00e7a alimentar e combate \u00e0 fome entre as fam\u00edlias em situa\u00e7\u00e3o de vulnerabilidade. Este programa representa um importante instrumento de apoio, garantindo o acesso a alimentos b\u00e1sicos para aqueles que enfrentam dificuldades econ\u00f4micas e t\u00eam dificuldade em garantir uma alimenta\u00e7\u00e3o adequada.<\/p>\n\n\n\n<p>O Cart\u00e3o Prato Cheio funciona por meio de um sistema de transfer\u00eancia direta, fornecendo um benef\u00edcio financeiro mensal para as fam\u00edlias participantes. Esse benef\u00edcio \u00e9 carregado em um cart\u00e3o magn\u00e9tico espec\u00edfico, que pode ser utilizado para a compra de alimentos em estabelecimentos comerciais credenciados.<\/p>\n\n\n\n<p>O objetivo principal do Cart\u00e3o Prato Cheio \u00e9 oferecer \u00e0s fam\u00edlias benefici\u00e1rias a oportunidade de escolher e adquirir os alimentos que melhor atendam \u00e0s suas necessidades e prefer\u00eancias nutricionais. Dessa forma, o programa n\u00e3o apenas garante o acesso \u00e0 alimenta\u00e7\u00e3o, mas tamb\u00e9m promove a dignidade e autonomia das fam\u00edlias, permitindo que elas exer\u00e7am seu direito b\u00e1sico \u00e0 alimenta\u00e7\u00e3o de forma digna e independente.<\/p>\n\n\n\n<p>Para se inscrever no Cart\u00e3o Prato Cheio, as fam\u00edlias interessadas devem atender aos crit\u00e9rios estabelecidos pelas autoridades locais, que geralmente incluem informa\u00e7\u00f5es sobre renda, composi\u00e7\u00e3o familiar e situa\u00e7\u00e3o de vulnerabilidade. As inscri\u00e7\u00f5es e informa\u00e7\u00f5es sobre o programa podem ser obtidas nos \u00f3rg\u00e3os respons\u00e1veis pela assist\u00eancia social do Distrito Federal.<\/p>\n\n\n\n<p>Al\u00e9m de fornecer o suporte financeiro para a compra de alimentos, o Cart\u00e3o Prato Cheio tamb\u00e9m pode ser acompanhado de a\u00e7\u00f5es de orienta\u00e7\u00e3o e educa\u00e7\u00e3o alimentar, visando promover h\u00e1bitos saud\u00e1veis de alimenta\u00e7\u00e3o e o uso consciente dos recursos dispon\u00edveis.<\/p>\n\n\n\n<h3 class=\"wp-block-heading\">5. Programa Renda Jovem<\/h3>\n\n\n\n<p>O Programa Renda Jovem \u00e9 uma iniciativa inovadora do Governo do Distrito Federal voltada para a promo\u00e7\u00e3o da inclus\u00e3o social e econ\u00f4mica dos jovens em situa\u00e7\u00e3o de vulnerabilidade. Reconhecendo os desafios enfrentados pela juventude na busca por oportunidades de emprego e renda, este programa visa oferecer um suporte financeiro e oportunidades de capacita\u00e7\u00e3o para os jovens entre 15 e 29 anos.<\/p>\n\n\n\n<p>O objetivo primordial do Programa Renda Jovem \u00e9 proporcionar aos jovens participantes um aux\u00edlio financeiro mensal, que serve como um incentivo para sua inser\u00e7\u00e3o no mercado de trabalho ou sua perman\u00eancia na escola. Ao mesmo tempo, o programa oferece atividades de capacita\u00e7\u00e3o e qualifica\u00e7\u00e3o profissional, visando aumentar as habilidades e compet\u00eancias dos jovens para enfrentar os desafios do mundo contempor\u00e2neo.<\/p>\n\n\n\n<p>O benef\u00edcio oferecido pelo Programa Renda Jovem \u00e9 destinado especificamente aos jovens em situa\u00e7\u00e3o de vulnerabilidade socioecon\u00f4mica, que muitas vezes enfrentam dificuldades adicionais para encontrar emprego ou concluir sua educa\u00e7\u00e3o formal. O suporte financeiro fornecido pelo programa pode representar um al\u00edvio significativo para esses jovens e suas fam\u00edlias, ajudando a garantir sua subsist\u00eancia enquanto buscam oportunidades de crescimento e desenvolvimento pessoal.<\/p>\n\n\n\n<p>Al\u00e9m do suporte financeiro, o Programa Renda Jovem tamb\u00e9m oferece acesso a servi\u00e7os de orienta\u00e7\u00e3o e acompanhamento, que podem incluir apoio psicossocial, orienta\u00e7\u00e3o vocacional e encaminhamento para outras iniciativas governamentais de apoio \u00e0 juventude.<\/p>\n\n\n\n<p>Ao capacitar os jovens e oferecer-lhes oportunidades reais de crescimento pessoal e profissional, o Programa Renda Jovem n\u00e3o apenas contribui para a redu\u00e7\u00e3o da desigualdade social, mas tamb\u00e9m para o fortalecimento da economia local e o desenvolvimento sustent\u00e1vel do Distrito Federal. Investir na juventude \u00e9 investir no futuro, e o Programa Renda Jovem representa um passo importante na constru\u00e7\u00e3o de uma sociedade mais justa e inclusiva para todos.<\/p>\n\n\n\n<h2 class=\"wp-block-heading\">Quem tem direito?<\/h2>\n\n\n\n<p>Os programas sociais do Distrito Federal s\u00e3o destinados a oferecer assist\u00eancia e apoio para aqueles que se encontram em situa\u00e7\u00e3o de vulnerabilidade socioecon\u00f4mica. Embora os crit\u00e9rios espec\u00edficos possam variar de acordo com cada programa, geralmente h\u00e1 alguns requisitos comuns que determinam quem tem direito a participar dessas iniciativas.<\/p>\n\n\n\n<h3 class=\"wp-block-heading\">Crit\u00e9rios de Renda<\/h3>\n\n\n\n<p>Muitos dos programas sociais consideram a renda per capita como um dos principais crit\u00e9rios para determinar a elegibilidade dos benefici\u00e1rios. Fam\u00edlias com renda abaixo de um determinado limite, geralmente estabelecido pelas autoridades competentes, podem ter direito a participar dos programas.<\/p>\n\n\n\n<ul class=\"wp-block-list\">\n<li>Renda Per Capita: A renda per capita \u00e9 calculada dividindo-se a renda total da fam\u00edlia pelo n\u00famero de pessoas que vivem na mesma casa. Os programas sociais podem estabelecer diferentes faixas de renda per capita para determinar a elegibilidade dos benefici\u00e1rios. Geralmente, fam\u00edlias com renda per capita abaixo de um certo limite t\u00eam prioridade para participar dos programas.<\/li>\n\n\n\n<li>Limite de Renda: Os programas sociais podem definir um limite m\u00e1ximo de renda per capita para determinar quem tem direito a receber os benef\u00edcios. Esse limite varia de acordo com o programa e pode ser ajustado periodicamente para refletir as condi\u00e7\u00f5es econ\u00f4micas e sociais da popula\u00e7\u00e3o atendida.<\/li>\n\n\n\n<li>Classifica\u00e7\u00e3o Socioecon\u00f4mica: Al\u00e9m do valor absoluto da renda per capita, os programas sociais tamb\u00e9m podem levar em considera\u00e7\u00e3o outros aspectos da situa\u00e7\u00e3o socioecon\u00f4mica das fam\u00edlias, como despesas com moradia, sa\u00fade e educa\u00e7\u00e3o, para determinar sua elegibilidade. Isso permite uma avalia\u00e7\u00e3o mais abrangente das necessidades das fam\u00edlias e uma distribui\u00e7\u00e3o mais equitativa dos benef\u00edcios.<\/li>\n<\/ul>\n\n\n\n<h3 class=\"wp-block-heading\">Composi\u00e7\u00e3o Familiar<\/h3>\n\n\n\n<p>Alguns programas sociais priorizam fam\u00edlias que possuem crian\u00e7as, adolescentes, gestantes, nutrizes (m\u00e3es que amamentam) ou pessoas com defici\u00eancia em sua composi\u00e7\u00e3o. Isso ocorre porque esses grupos s\u00e3o considerados mais vulner\u00e1veis e podem necessitar de assist\u00eancia adicional.<\/p>\n\n\n\n<ul class=\"wp-block-list\">\n<li>Prioriza\u00e7\u00e3o de Grupos Vulner\u00e1veis: Muitos programas sociais priorizam fam\u00edlias que possuem membros em situa\u00e7\u00e3o de maior vulnerabilidade, como crian\u00e7as, adolescentes, gestantes, nutrizes (m\u00e3es que amamentam), pessoas com defici\u00eancia ou idosos. Isso ocorre porque esses grupos frequentemente necessitam de cuidados especiais e t\u00eam maiores desafios para garantir seu sustento e acesso a servi\u00e7os b\u00e1sicos.<\/li>\n\n\n\n<li>Aten\u00e7\u00e3o \u00e0s Necessidades Espec\u00edficas: A composi\u00e7\u00e3o familiar tamb\u00e9m \u00e9 levada em considera\u00e7\u00e3o para identificar as necessidades espec\u00edficas de cada fam\u00edlia. Por exemplo, uma fam\u00edlia com crian\u00e7as em idade escolar pode necessitar de apoio para garantir a educa\u00e7\u00e3o de seus filhos, enquanto uma fam\u00edlia com idosos pode precisar de assist\u00eancia para cuidados de sa\u00fade e alimenta\u00e7\u00e3o adequada.<\/li>\n\n\n\n<li>Inclus\u00e3o de Todos os Membros: \u00c9 importante que os programas sociais considerem todos os membros da fam\u00edlia ao avaliar a elegibilidade para os benef\u00edcios. Isso garante que nenhum membro seja deixado de fora e que as necessidades de todos sejam adequadamente atendidas.<\/li>\n<\/ul>\n\n\n\n<h3 class=\"wp-block-heading\">Situa\u00e7\u00e3o de Vulnerabilidade<\/h3>\n\n\n\n<p>Al\u00e9m dos crit\u00e9rios de renda e composi\u00e7\u00e3o familiar, os programas sociais tamb\u00e9m podem levar em considera\u00e7\u00e3o outros aspectos da situa\u00e7\u00e3o socioecon\u00f4mica das fam\u00edlias, como desemprego, moradia prec\u00e1ria, falta de acesso a servi\u00e7os b\u00e1sicos, entre outros.<\/p>\n\n\n\n<ul class=\"wp-block-list\">\n<li>Determina\u00e7\u00e3o das Necessidades Familiares: A composi\u00e7\u00e3o familiar \u00e9 crucial para entender as necessidades espec\u00edficas de cada fam\u00edlia. Por exemplo, uma fam\u00edlia monoparental chefiada por uma \u00fanica m\u00e3e pode enfrentar desafios diferentes de uma fam\u00edlia nuclear tradicional. Os programas sociais podem levar em considera\u00e7\u00e3o essas diferen\u00e7as para fornecer assist\u00eancia personalizada.<\/li>\n\n\n\n<li>Prote\u00e7\u00e3o de Grupos Vulner\u00e1veis: Muitos programas sociais priorizam grupos vulner\u00e1veis dentro da composi\u00e7\u00e3o familiar, como crian\u00e7as, idosos, gestantes e pessoas com defici\u00eancia. Isso ocorre porque esses membros da fam\u00edlia frequentemente necessitam de cuidados especiais e t\u00eam maiores dificuldades em prover seu pr\u00f3prio sustento.<\/li>\n\n\n\n<li>Inclus\u00e3o de Todos os Membros: \u00c9 importante que todos os membros da fam\u00edlia sejam considerados na avalia\u00e7\u00e3o da elegibilidade para os programas sociais. Isso garante que ningu\u00e9m seja deixado para tr\u00e1s e que as necessidades de todos sejam atendidas adequadamente.<\/li>\n\n\n\n<li>Avalia\u00e7\u00e3o da Renda Familiar: A composi\u00e7\u00e3o familiar tamb\u00e9m influencia a avalia\u00e7\u00e3o da renda familiar total. Por exemplo, fam\u00edlias com mais membros que contribuem financeiramente podem ter uma renda per capita maior, o que pode afetar sua elegibilidade para certos programas.<\/li>\n<\/ul>\n\n\n\n<figure class=\"wp-block-image size-large\"><img decoding=\"async\" width=\"1024\" height=\"682\" src=\"https:\/\/www.somuchtosaytoday.com\/wp-content\/uploads\/2024\/03\/image-151-1024x682.png\" alt=\"\" class=\"wp-image-2254\" srcset=\"https:\/\/www.somuchtosaytoday.com\/wp-content\/uploads\/2024\/03\/image-151-1024x682.png 1024w, https:\/\/www.somuchtosaytoday.com\/wp-content\/uploads\/2024\/03\/image-151-300x200.png 300w, https:\/\/www.somuchtosaytoday.com\/wp-content\/uploads\/2024\/03\/image-151-768x512.png 768w, https:\/\/www.somuchtosaytoday.com\/wp-content\/uploads\/2024\/03\/image-151-18x12.png 18w, https:\/\/www.somuchtosaytoday.com\/wp-content\/uploads\/2024\/03\/image-151.png 1280w\" sizes=\"(max-width: 1024px) 100vw, 1024px\" \/><\/figure>\n\n\n\n<h3 class=\"wp-block-heading\">Idade e Outros Crit\u00e9rios Espec\u00edficos<\/h3>\n\n\n\n<p>Alguns programas, como o Programa Renda Jovem, podem estabelecer crit\u00e9rios espec\u00edficos de idade para os benefici\u00e1rios. Outros programas podem ter requisitos adicionais, como a participa\u00e7\u00e3o em determinadas atividades educacionais ou de capacita\u00e7\u00e3o.<\/p>\n\n\n\n<p>\u00c9 importante ressaltar que a elegibilidade para os programas sociais do Distrito Federal \u00e9 determinada pelas autoridades competentes, que avaliam cada caso individualmente. Por isso, \u00e9 essencial que as fam\u00edlias interessadas busquem informa\u00e7\u00f5es detalhadas sobre os programas e os crit\u00e9rios de elegibilidade, geralmente dispon\u00edveis nos \u00f3rg\u00e3os respons\u00e1veis pela assist\u00eancia social do Distrito Federal, como os Centros de Refer\u00eancia de Assist\u00eancia Social (CRAS) ou as Secretarias de Desenvolvimento Social.<\/p>\n\n\n\n<h2 class=\"wp-block-heading\">Veja se voc\u00ea tem direito a um dos programas sociais do DF<\/h2>\n\n\n\n<p>Os programas sociais do Distrito Federal desempenham um papel fundamental na promo\u00e7\u00e3o da inclus\u00e3o social e no combate \u00e0 desigualdade, oferecendo apoio financeiro e assist\u00eancia para aqueles que mais precisam.&nbsp;<\/p>\n\n\n\n<p>Se voc\u00ea se encontra em uma situa\u00e7\u00e3o de vulnerabilidade, n\u00e3o hesite em buscar informa\u00e7\u00f5es sobre os programas dispon\u00edveis e verificar se voc\u00ea tem direito a algum tipo de benef\u00edcio que possa ajud\u00e1-lo a superar dificuldades e melhorar sua qualidade de vida.<\/p>\n\n\n\n<p><strong>Veja tamb\u00e9m: <a href=\"https:\/\/www.somuchtosaytoday.com\/pt\/who-works-with-a-formal-contract-can-receive-a-family-grant\/\">Quem trabalha com carteira assinada pode receber Bolsa Fam\u00edlia?<\/a><\/strong><\/p>\n\n\n\n<p>31 de mar\u00e7o de 2024<\/p>",
        "protected": false
    },
    "excerpt": {
        "rendered": "<p>No cen\u00e1rio atual, onde a desigualdade social \u00e9 uma realidade que afeta milh\u00f5es de brasileiros, os programas sociais desempenham um papel crucial na promo\u00e7\u00e3o da inclus\u00e3o e no combate \u00e0 pobreza. No Distrito Federal, n\u00e3o \u00e9 diferente. Governos estaduais e municipais t\u00eam implementado uma s\u00e9rie de iniciativas voltadas para a assist\u00eancia e prote\u00e7\u00e3o social, visando &#8230; <a title=\"Quais s\u00e3o os programas sociais do Distrito Federal? Veja se voc\u00ea tem direito\" class=\"read-more\" href=\"https:\/\/www.somuchtosaytoday.com\/pt\/quais-sao-os-programas-sociais-do-distrito-federal-veja-se-voce-tem-direito\/\" aria-label=\"Read more about Quais s\u00e3o os programas sociais do Distrito Federal? Veja se voc\u00ea tem direito\">Leia mais<\/a><\/p>",
        "protected": false
    },
    "author": 2,
    "featured_media": 2255,
    "comment_status": "closed",
    "ping_status": "closed",
    "sticky": false,
    "template": "",
    "format": "standard",
    "meta": {
        "kia_subtitle": "",
        "footnotes": ""
    },
    "categories": [
        9
    ],
    "tags": [],
    "class_list": [
        "post-2228",
        "post",
        "type-post",
        "status-publish",
        "format-standard",
        "has-post-thumbnail",
        "hentry",
        "category-beneficios",
        "infinite-scroll-item",
        "resize-featured-image"
    ],
    "yoast_head": "<!-- This site is optimized with the Yoast SEO plugin v26.3 - https:\/\/yoast.com\/wordpress\/plugins\/seo\/ -->\n<title>Quais s\u00e3o os programas sociais do Distrito Federal? Veja se voc\u00ea tem direito - somuchtosaytoday<\/title>\n<meta name=\"robots\" content=\"index, follow, max-snippet:-1, max-image-preview:large, max-video-preview:-1\" \/>\n<link rel=\"canonical\" href=\"https:\/\/www.somuchtosaytoday.com\/pt\/what-are-the-social-programs-of-the-federal-district-see-if-you-are-eligible\/\" \/>\n<meta property=\"og:locale\" content=\"pt_BR\" \/>\n<meta property=\"og:type\" content=\"article\" \/>\n<meta property=\"og:title\" content=\"Quais s\u00e3o os programas sociais do Distrito Federal? Veja se voc\u00ea tem direito - somuchtosaytoday\" \/>\n<meta property=\"og:description\" content=\"No cen\u00e1rio atual, onde a desigualdade social \u00e9 uma realidade que afeta milh\u00f5es de brasileiros, os programas sociais desempenham um papel crucial na promo\u00e7\u00e3o da inclus\u00e3o e no combate \u00e0 pobreza. No Distrito Federal, n\u00e3o \u00e9 diferente. Governos estaduais e municipais t\u00eam implementado uma s\u00e9rie de iniciativas voltadas para a assist\u00eancia e prote\u00e7\u00e3o social, visando ... Leia mais\" \/>\n<meta property=\"og:url\" content=\"https:\/\/www.somuchtosaytoday.com\/pt\/what-are-the-social-programs-of-the-federal-district-see-if-you-are-eligible\/\" \/>\n<meta property=\"og:site_name\" content=\"somuchtosaytoday\" \/>\n<meta property=\"article:published_time\" content=\"2024-03-31T03:05:00+00:00\" \/>\n<meta property=\"article:modified_time\" content=\"2024-03-31T03:05:06+00:00\" \/>\n<meta property=\"og:image\" content=\"https:\/\/www.somuchtosaytoday.com\/wp-content\/uploads\/2024\/03\/image-152.png\" \/>\n\t<meta property=\"og:image:width\" content=\"768\" \/>\n\t<meta property=\"og:image:height\" content=\"460\" \/>\n\t<meta property=\"og:image:type\" content=\"image\/png\" \/>\n<meta name=\"author\" content=\"Michele\" \/>\n<meta name=\"twitter:card\" content=\"summary_large_image\" \/>\n<meta name=\"twitter:label1\" content=\"Escrito por\" \/>\n\t<meta name=\"twitter:data1\" content=\"Michele\" \/>\n\t<meta name=\"twitter:label2\" content=\"Est. tempo de leitura\" \/>\n\t<meta name=\"twitter:data2\" content=\"13 minutos\" \/>\n<script type=\"application\/ld+json\" class=\"yoast-schema-graph\">{\"@context\":\"https:\/\/schema.org\",\"@graph\":[{\"@type\":\"Article\",\"@id\":\"https:\/\/www.somuchtosaytoday.com\/what-are-the-social-programs-of-the-federal-district-see-if-you-are-eligible\/#article\",\"isPartOf\":{\"@id\":\"https:\/\/www.somuchtosaytoday.com\/what-are-the-social-programs-of-the-federal-district-see-if-you-are-eligible\/\"},\"author\":{\"name\":\"Michele\",\"@id\":\"https:\/\/www.somuchtosaytoday.com\/#\/schema\/person\/6cf3b561aa424acf000e3ea09f0d5c02\"},\"headline\":\"Quais s\u00e3o os programas sociais do Distrito Federal? Veja se voc\u00ea tem direito\",\"datePublished\":\"2024-03-31T03:05:00+00:00\",\"dateModified\":\"2024-03-31T03:05:06+00:00\",\"mainEntityOfPage\":{\"@id\":\"https:\/\/www.somuchtosaytoday.com\/what-are-the-social-programs-of-the-federal-district-see-if-you-are-eligible\/\"},\"wordCount\":2442,\"publisher\":{\"@id\":\"https:\/\/www.somuchtosaytoday.com\/#organization\"},\"image\":{\"@id\":\"https:\/\/www.somuchtosaytoday.com\/what-are-the-social-programs-of-the-federal-district-see-if-you-are-eligible\/#primaryimage\"},\"thumbnailUrl\":\"https:\/\/www.somuchtosaytoday.com\/wp-content\/uploads\/2024\/03\/image-152.png\",\"articleSection\":[\"Benef\u00edcios\"],\"inLanguage\":\"pt-BR\"},{\"@type\":\"WebPage\",\"@id\":\"https:\/\/www.somuchtosaytoday.com\/what-are-the-social-programs-of-the-federal-district-see-if-you-are-eligible\/\",\"url\":\"https:\/\/www.somuchtosaytoday.com\/what-are-the-social-programs-of-the-federal-district-see-if-you-are-eligible\/\",\"name\":\"Quais s\u00e3o os programas sociais do Distrito Federal? Veja se voc\u00ea tem direito - somuchtosaytoday\",\"isPartOf\":{\"@id\":\"https:\/\/www.somuchtosaytoday.com\/#website\"},\"primaryImageOfPage\":{\"@id\":\"https:\/\/www.somuchtosaytoday.com\/what-are-the-social-programs-of-the-federal-district-see-if-you-are-eligible\/#primaryimage\"},\"image\":{\"@id\":\"https:\/\/www.somuchtosaytoday.com\/what-are-the-social-programs-of-the-federal-district-see-if-you-are-eligible\/#primaryimage\"},\"thumbnailUrl\":\"https:\/\/www.somuchtosaytoday.com\/wp-content\/uploads\/2024\/03\/image-152.png\",\"datePublished\":\"2024-03-31T03:05:00+00:00\",\"dateModified\":\"2024-03-31T03:05:06+00:00\",\"breadcrumb\":{\"@id\":\"https:\/\/www.somuchtosaytoday.com\/what-are-the-social-programs-of-the-federal-district-see-if-you-are-eligible\/#breadcrumb\"},\"inLanguage\":\"pt-BR\",\"potentialAction\":[{\"@type\":\"ReadAction\",\"target\":[\"https:\/\/www.somuchtosaytoday.com\/what-are-the-social-programs-of-the-federal-district-see-if-you-are-eligible\/\"]}]},{\"@type\":\"ImageObject\",\"inLanguage\":\"pt-BR\",\"@id\":\"https:\/\/www.somuchtosaytoday.com\/what-are-the-social-programs-of-the-federal-district-see-if-you-are-eligible\/#primaryimage\",\"url\":\"https:\/\/www.somuchtosaytoday.com\/wp-content\/uploads\/2024\/03\/image-152.png\",\"contentUrl\":\"https:\/\/www.somuchtosaytoday.com\/wp-content\/uploads\/2024\/03\/image-152.png\",\"width\":768,\"height\":460},{\"@type\":\"BreadcrumbList\",\"@id\":\"https:\/\/www.somuchtosaytoday.com\/what-are-the-social-programs-of-the-federal-district-see-if-you-are-eligible\/#breadcrumb\",\"itemListElement\":[{\"@type\":\"ListItem\",\"position\":1,\"name\":\"Home\",\"item\":\"https:\/\/www.somuchtosaytoday.com\/en\/\"},{\"@type\":\"ListItem\",\"position\":2,\"name\":\"Benef\u00edcios\",\"item\":\"https:\/\/www.somuchtosaytoday.com\/category\/benefits\/\"},{\"@type\":\"ListItem\",\"position\":3,\"name\":\"Quais s\u00e3o os programas sociais do Distrito Federal? Veja se voc\u00ea tem direito\"}]},{\"@type\":\"WebSite\",\"@id\":\"https:\/\/www.somuchtosaytoday.com\/#website\",\"url\":\"https:\/\/www.somuchtosaytoday.com\/\",\"name\":\"somuchtosaytoday\",\"description\":\"\",\"publisher\":{\"@id\":\"https:\/\/www.somuchtosaytoday.com\/#organization\"},\"potentialAction\":[{\"@type\":\"SearchAction\",\"target\":{\"@type\":\"EntryPoint\",\"urlTemplate\":\"https:\/\/www.somuchtosaytoday.com\/?s={search_term_string}\"},\"query-input\":{\"@type\":\"PropertyValueSpecification\",\"valueRequired\":true,\"valueName\":\"search_term_string\"}}],\"inLanguage\":\"pt-BR\"},{\"@type\":\"Organization\",\"@id\":\"https:\/\/www.somuchtosaytoday.com\/#organization\",\"name\":\"somuchtosaytoday\",\"url\":\"https:\/\/www.somuchtosaytoday.com\/\",\"logo\":{\"@type\":\"ImageObject\",\"inLanguage\":\"pt-BR\",\"@id\":\"https:\/\/www.somuchtosaytoday.com\/#\/schema\/logo\/image\/\",\"url\":\"https:\/\/www.somuchtosaytoday.com\/wp-content\/uploads\/2024\/03\/cropped-LODO-TODAY-FUNDO-TRANSPARENTE-.fw_.png\",\"contentUrl\":\"https:\/\/www.somuchtosaytoday.com\/wp-content\/uploads\/2024\/03\/cropped-LODO-TODAY-FUNDO-TRANSPARENTE-.fw_.png\",\"width\":599,\"height\":216,\"caption\":\"somuchtosaytoday\"},\"image\":{\"@id\":\"https:\/\/www.somuchtosaytoday.com\/#\/schema\/logo\/image\/\"}},{\"@type\":\"Person\",\"@id\":\"https:\/\/www.somuchtosaytoday.com\/#\/schema\/person\/6cf3b561aa424acf000e3ea09f0d5c02\",\"name\":\"Michele\",\"description\":\"Formada em Letras - Portugu\u00eas\/ Ingl\u00eas, e idealizadora do site Escritora de Sucesso, busca expandir o conhecimento de todos com informa\u00e7\u00f5es relevantes sobre diversos assuntos, enquanto redatora. No SoMuchToSayToday, traz not\u00edcias e conte\u00fados que partem do entretenimento \u00e0 situa\u00e7\u00e3o econ\u00f4mica do pa\u00eds.\",\"url\":\"https:\/\/www.somuchtosaytoday.com\/pt\/author\/micheli\/\"}]}<\/script>\n<!-- \/ Yoast SEO plugin. -->",
    "yoast_head_json": {
        "title": "Quais s\u00e3o os programas sociais do Distrito Federal? Veja se voc\u00ea tem direito - somuchtosaytoday",
        "robots": {
            "index": "index",
            "follow": "follow",
            "max-snippet": "max-snippet:-1",
            "max-image-preview": "max-image-preview:large",
            "max-video-preview": "max-video-preview:-1"
        },
        "canonical": "https:\/\/www.somuchtosaytoday.com\/pt\/what-are-the-social-programs-of-the-federal-district-see-if-you-are-eligible\/",
        "og_locale": "pt_BR",
        "og_type": "article",
        "og_title": "Quais s\u00e3o os programas sociais do Distrito Federal? Veja se voc\u00ea tem direito - somuchtosaytoday",
        "og_description": "No cen\u00e1rio atual, onde a desigualdade social \u00e9 uma realidade que afeta milh\u00f5es de brasileiros, os programas sociais desempenham um papel crucial na promo\u00e7\u00e3o da inclus\u00e3o e no combate \u00e0 pobreza. No Distrito Federal, n\u00e3o \u00e9 diferente. Governos estaduais e municipais t\u00eam implementado uma s\u00e9rie de iniciativas voltadas para a assist\u00eancia e prote\u00e7\u00e3o social, visando ... Leia mais",
        "og_url": "https:\/\/www.somuchtosaytoday.com\/pt\/what-are-the-social-programs-of-the-federal-district-see-if-you-are-eligible\/",
        "og_site_name": "somuchtosaytoday",
        "article_published_time": "2024-03-31T03:05:00+00:00",
        "article_modified_time": "2024-03-31T03:05:06+00:00",
        "og_image": [
            {
                "width": 768,
                "height": 460,
                "url": "https:\/\/www.somuchtosaytoday.com\/wp-content\/uploads\/2024\/03\/image-152.png",
                "type": "image\/png"
            }
        ],
        "author": "Michele",
        "twitter_card": "summary_large_image",
        "twitter_misc": {
            "Escrito por": "Michele",
            "Est. tempo de leitura": "13 minutos"
        },
        "schema": {
            "@context": "https:\/\/schema.org",
            "@graph": [
                {
                    "@type": "Article",
                    "@id": "https:\/\/www.somuchtosaytoday.com\/what-are-the-social-programs-of-the-federal-district-see-if-you-are-eligible\/#article",
                    "isPartOf": {
                        "@id": "https:\/\/www.somuchtosaytoday.com\/what-are-the-social-programs-of-the-federal-district-see-if-you-are-eligible\/"
                    },
                    "author": {
                        "name": "Michele",
                        "@id": "https:\/\/www.somuchtosaytoday.com\/#\/schema\/person\/6cf3b561aa424acf000e3ea09f0d5c02"
                    },
                    "headline": "Quais s\u00e3o os programas sociais do Distrito Federal? Veja se voc\u00ea tem direito",
                    "datePublished": "2024-03-31T03:05:00+00:00",
                    "dateModified": "2024-03-31T03:05:06+00:00",
                    "mainEntityOfPage": {
                        "@id": "https:\/\/www.somuchtosaytoday.com\/what-are-the-social-programs-of-the-federal-district-see-if-you-are-eligible\/"
                    },
                    "wordCount": 2442,
                    "publisher": {
                        "@id": "https:\/\/www.somuchtosaytoday.com\/#organization"
                    },
                    "image": {
                        "@id": "https:\/\/www.somuchtosaytoday.com\/what-are-the-social-programs-of-the-federal-district-see-if-you-are-eligible\/#primaryimage"
                    },
                    "thumbnailUrl": "https:\/\/www.somuchtosaytoday.com\/wp-content\/uploads\/2024\/03\/image-152.png",
                    "articleSection": [
                        "Benef\u00edcios"
                    ],
                    "inLanguage": "pt-BR"
                },
                {
                    "@type": "WebPage",
                    "@id": "https:\/\/www.somuchtosaytoday.com\/what-are-the-social-programs-of-the-federal-district-see-if-you-are-eligible\/",
                    "url": "https:\/\/www.somuchtosaytoday.com\/what-are-the-social-programs-of-the-federal-district-see-if-you-are-eligible\/",
                    "name": "Quais s\u00e3o os programas sociais do Distrito Federal? Veja se voc\u00ea tem direito - somuchtosaytoday",
                    "isPartOf": {
                        "@id": "https:\/\/www.somuchtosaytoday.com\/#website"
                    },
                    "primaryImageOfPage": {
                        "@id": "https:\/\/www.somuchtosaytoday.com\/what-are-the-social-programs-of-the-federal-district-see-if-you-are-eligible\/#primaryimage"
                    },
                    "image": {
                        "@id": "https:\/\/www.somuchtosaytoday.com\/what-are-the-social-programs-of-the-federal-district-see-if-you-are-eligible\/#primaryimage"
                    },
                    "thumbnailUrl": "https:\/\/www.somuchtosaytoday.com\/wp-content\/uploads\/2024\/03\/image-152.png",
                    "datePublished": "2024-03-31T03:05:00+00:00",
                    "dateModified": "2024-03-31T03:05:06+00:00",
                    "breadcrumb": {
                        "@id": "https:\/\/www.somuchtosaytoday.com\/what-are-the-social-programs-of-the-federal-district-see-if-you-are-eligible\/#breadcrumb"
                    },
                    "inLanguage": "pt-BR",
                    "potentialAction": [
                        {
                            "@type": "ReadAction",
                            "target": [
                                "https:\/\/www.somuchtosaytoday.com\/what-are-the-social-programs-of-the-federal-district-see-if-you-are-eligible\/"
                            ]
                        }
                    ]
                },
                {
                    "@type": "ImageObject",
                    "inLanguage": "pt-BR",
                    "@id": "https:\/\/www.somuchtosaytoday.com\/what-are-the-social-programs-of-the-federal-district-see-if-you-are-eligible\/#primaryimage",
                    "url": "https:\/\/www.somuchtosaytoday.com\/wp-content\/uploads\/2024\/03\/image-152.png",
                    "contentUrl": "https:\/\/www.somuchtosaytoday.com\/wp-content\/uploads\/2024\/03\/image-152.png",
                    "width": 768,
                    "height": 460
                },
                {
                    "@type": "BreadcrumbList",
                    "@id": "https:\/\/www.somuchtosaytoday.com\/what-are-the-social-programs-of-the-federal-district-see-if-you-are-eligible\/#breadcrumb",
                    "itemListElement": [
                        {
                            "@type": "ListItem",
                            "position": 1,
                            "name": "Home",
                            "item": "https:\/\/www.somuchtosaytoday.com\/en\/"
                        },
                        {
                            "@type": "ListItem",
                            "position": 2,
                            "name": "Benef\u00edcios",
                            "item": "https:\/\/www.somuchtosaytoday.com\/category\/benefits\/"
                        },
                        {
                            "@type": "ListItem",
                            "position": 3,
                            "name": "Quais s\u00e3o os programas sociais do Distrito Federal? Veja se voc\u00ea tem direito"
                        }
                    ]
                },
                {
                    "@type": "WebSite",
                    "@id": "https:\/\/www.somuchtosaytoday.com\/#website",
                    "url": "https:\/\/www.somuchtosaytoday.com\/",
                    "name": "somuchtosaytoday",
                    "description": "",
                    "publisher": {
                        "@id": "https:\/\/www.somuchtosaytoday.com\/#organization"
                    },
                    "potentialAction": [
                        {
                            "@type": "SearchAction",
                            "target": {
                                "@type": "EntryPoint",
                                "urlTemplate": "https:\/\/www.somuchtosaytoday.com\/?s={search_term_string}"
                            },
                            "query-input": {
                                "@type": "PropertyValueSpecification",
                                "valueRequired": true,
                                "valueName": "search_term_string"
                            }
                        }
                    ],
                    "inLanguage": "pt-BR"
                },
                {
                    "@type": "Organization",
                    "@id": "https:\/\/www.somuchtosaytoday.com\/#organization",
                    "name": "somuchtosaytoday",
                    "url": "https:\/\/www.somuchtosaytoday.com\/",
                    "logo": {
                        "@type": "ImageObject",
                        "inLanguage": "pt-BR",
                        "@id": "https:\/\/www.somuchtosaytoday.com\/#\/schema\/logo\/image\/",
                        "url": "https:\/\/www.somuchtosaytoday.com\/wp-content\/uploads\/2024\/03\/cropped-LODO-TODAY-FUNDO-TRANSPARENTE-.fw_.png",
                        "contentUrl": "https:\/\/www.somuchtosaytoday.com\/wp-content\/uploads\/2024\/03\/cropped-LODO-TODAY-FUNDO-TRANSPARENTE-.fw_.png",
                        "width": 599,
                        "height": 216,
                        "caption": "somuchtosaytoday"
                    },
                    "image": {
                        "@id": "https:\/\/www.somuchtosaytoday.com\/#\/schema\/logo\/image\/"
                    }
                },
                {
                    "@type": "Person",
                    "@id": "https:\/\/www.somuchtosaytoday.com\/#\/schema\/person\/6cf3b561aa424acf000e3ea09f0d5c02",
                    "name": "Michele",
                    "description": "Formada em Letras - Portugu\u00eas\/ Ingl\u00eas, e idealizadora do site Escritora de Sucesso, busca expandir o conhecimento de todos com informa\u00e7\u00f5es relevantes sobre diversos assuntos, enquanto redatora. No SoMuchToSayToday, traz not\u00edcias e conte\u00fados que partem do entretenimento \u00e0 situa\u00e7\u00e3o econ\u00f4mica do pa\u00eds.",
                    "url": "https:\/\/www.somuchtosaytoday.com\/pt\/author\/micheli\/"
                }
            ]
        }
    },
    "_links": {
        "self": [
            {
                "href": "https:\/\/www.somuchtosaytoday.com\/pt\/wp-json\/wp\/v2\/posts\/2228",
                "targetHints": {
                    "allow": [
                        "GET"
                    ]
                }
            }
        ],
        "collection": [
            {
                "href": "https:\/\/www.somuchtosaytoday.com\/pt\/wp-json\/wp\/v2\/posts"
            }
        ],
        "about": [
            {
                "href": "https:\/\/www.somuchtosaytoday.com\/pt\/wp-json\/wp\/v2\/types\/post"
            }
        ],
        "author": [
            {
                "embeddable": true,
                "href": "https:\/\/www.somuchtosaytoday.com\/pt\/wp-json\/wp\/v2\/users\/2"
            }
        ],
        "replies": [
            {
                "embeddable": true,
                "href": "https:\/\/www.somuchtosaytoday.com\/pt\/wp-json\/wp\/v2\/comments?post=2228"
            }
        ],
        "version-history": [
            {
                "count": 2,
                "href": "https:\/\/www.somuchtosaytoday.com\/pt\/wp-json\/wp\/v2\/posts\/2228\/revisions"
            }
        ],
        "predecessor-version": [
            {
                "id": 2257,
                "href": "https:\/\/www.somuchtosaytoday.com\/pt\/wp-json\/wp\/v2\/posts\/2228\/revisions\/2257"
            }
        ],
        "wp:featuredmedia": [
            {
                "embeddable": true,
                "href": "https:\/\/www.somuchtosaytoday.com\/pt\/wp-json\/wp\/v2\/media\/2255"
            }
        ],
        "wp:attachment": [
            {
                "href": "https:\/\/www.somuchtosaytoday.com\/pt\/wp-json\/wp\/v2\/media?parent=2228"
            }
        ],
        "wp:term": [
            {
                "taxonomy": "category",
                "embeddable": true,
                "href": "https:\/\/www.somuchtosaytoday.com\/pt\/wp-json\/wp\/v2\/categories?post=2228"
            },
            {
                "taxonomy": "post_tag",
                "embeddable": true,
                "href": "https:\/\/www.somuchtosaytoday.com\/pt\/wp-json\/wp\/v2\/tags?post=2228"
            }
        ],
        "curies": [
            {
                "name": "wp",
                "href": "https:\/\/api.w.org\/{rel}",
                "templated": true
            }
        ]
    }
}