{
    "id": 2222,
    "date": "2024-03-31T05:55:12",
    "date_gmt": "2024-03-31T02:55:12",
    "guid": {
        "rendered": "https:\/\/www.somuchtosaytoday.com\/?p=2222"
    },
    "modified": "2024-03-31T05:55:18",
    "modified_gmt": "2024-03-31T02:55:18",
    "slug": "quem-trabalha-com-carteira-assinada-pode-receber-bolsa-familia",
    "status": "publish",
    "type": "post",
    "link": "https:\/\/www.somuchtosaytoday.com\/pt\/quem-trabalha-com-carteira-assinada-pode-receber-bolsa-familia\/",
    "title": {
        "rendered": "Quem trabalha com carteira assinada pode receber Bolsa Fam\u00edlia?"
    },
    "content": {
        "rendered": "<p>Desde a sua cria\u00e7\u00e3o, o Bolsa Fam\u00edlia tem sido um programa essencial no combate \u00e0 pobreza e \u00e0 desigualdade no Brasil. Com o intuito de garantir o acesso \u00e0 alimenta\u00e7\u00e3o, educa\u00e7\u00e3o e sa\u00fade para as fam\u00edlias em situa\u00e7\u00e3o de vulnerabilidade, o programa \u00e9 um importante instrumento de assist\u00eancia social no pa\u00eds. No entanto, uma d\u00favida comum que surge \u00e9 se quem trabalha com carteira assinada pode receber o Bolsa Fam\u00edlia.&nbsp;<\/p>\n\n\n\n<h2 class=\"wp-block-heading\">O que \u00e9 o Bolsa Fam\u00edlia?<\/h2>\n\n\n\n<p>O Bolsa Fam\u00edlia \u00e9 um programa de transfer\u00eancia de renda que foi implementado pelo governo brasileiro em 2003, durante a gest\u00e3o do presidente Luiz In\u00e1cio Lula da Silva. Ele representa uma das iniciativas mais significativas no campo da assist\u00eancia social no Brasil, sendo reconhecido internacionalmente como um exemplo bem-sucedido de pol\u00edticas p\u00fablicas voltadas para a redu\u00e7\u00e3o da pobreza e da desigualdade.<\/p>\n\n\n\n<h3 class=\"wp-block-heading\">Objetivos do Bolsa Fam\u00edlia<\/h3>\n\n\n\n<p>O principal objetivo do Bolsa Fam\u00edlia \u00e9 promover o acesso \u00e0 alimenta\u00e7\u00e3o, educa\u00e7\u00e3o e sa\u00fade para as fam\u00edlias em situa\u00e7\u00e3o de extrema pobreza ou pobreza. Por meio da transfer\u00eancia direta de renda, o programa busca garantir um m\u00ednimo de dignidade e oportunidades para aqueles que mais necessitam, contribuindo assim para a melhoria das condi\u00e7\u00f5es de vida e a promo\u00e7\u00e3o da inclus\u00e3o social.<\/p>\n\n\n\n<h3 class=\"wp-block-heading\">Funcionamento do Programa<\/h3>\n\n\n\n<p>O Bolsa Fam\u00edlia funciona de forma simples e eficaz. As fam\u00edlias que se enquadram nos crit\u00e9rios estabelecidos pelo programa s\u00e3o cadastradas no Cadastro \u00danico para Programas Sociais do Governo Federal (Cad\u00danico), onde s\u00e3o registradas informa\u00e7\u00f5es sobre sua composi\u00e7\u00e3o familiar, renda, escolaridade, entre outros aspectos.<\/p>\n\n\n\n<p>Com base nessas informa\u00e7\u00f5es, \u00e9 calculado o valor do benef\u00edcio a ser recebido por cada fam\u00edlia. Esse valor varia de acordo com a composi\u00e7\u00e3o familiar, a renda per capita e outras caracter\u00edsticas espec\u00edficas de cada caso. As fam\u00edlias benefici\u00e1rias recebem um cart\u00e3o magn\u00e9tico, semelhante a um cart\u00e3o de d\u00e9bito, por meio do qual podem sacar o valor do benef\u00edcio em caixas eletr\u00f4nicos da Caixa Econ\u00f4mica Federal ou realizar compras em estabelecimentos conveniados.<\/p>\n\n\n\n<figure class=\"wp-block-image size-full\"><img fetchpriority=\"high\" decoding=\"async\" width=\"620\" height=\"430\" src=\"https:\/\/www.somuchtosaytoday.com\/wp-content\/uploads\/2024\/03\/image-142.png\" alt=\"\" class=\"wp-image-2242\" srcset=\"https:\/\/www.somuchtosaytoday.com\/wp-content\/uploads\/2024\/03\/image-142.png 620w, https:\/\/www.somuchtosaytoday.com\/wp-content\/uploads\/2024\/03\/image-142-300x208.png 300w, https:\/\/www.somuchtosaytoday.com\/wp-content\/uploads\/2024\/03\/image-142-18x12.png 18w\" sizes=\"(max-width: 620px) 100vw, 620px\" \/><\/figure>\n\n\n\n<p>Al\u00e9m da transfer\u00eancia de renda, o Bolsa Fam\u00edlia tamb\u00e9m estabelece condicionalidades para a perman\u00eancia no programa. Isso significa que as fam\u00edlias benefici\u00e1rias devem cumprir determinadas obriga\u00e7\u00f5es, como manter as crian\u00e7as e adolescentes matriculados na escola e com frequ\u00eancia m\u00ednima de 85%, garantir o acompanhamento do calend\u00e1rio de vacina\u00e7\u00e3o das crian\u00e7as e realizar o acompanhamento pr\u00e9-natal, no caso de gestantes.<\/p>\n\n\n\n<h3 class=\"wp-block-heading\">Impacto do Bolsa Fam\u00edlia<\/h3>\n\n\n\n<p>Desde a sua implementa\u00e7\u00e3o, o Bolsa Fam\u00edlia tem sido fundamental na redu\u00e7\u00e3o da pobreza e da desigualdade no Brasil. Estudos e pesquisas acad\u00eamicas t\u00eam demonstrado que o programa contribuiu para a melhoria das condi\u00e7\u00f5es de vida das fam\u00edlias benefici\u00e1rias, com impactos positivos na alimenta\u00e7\u00e3o, na sa\u00fade, na educa\u00e7\u00e3o e no acesso a servi\u00e7os b\u00e1sicos.<\/p>\n\n\n\n<p>Al\u00e9m disso, o Bolsa Fam\u00edlia tem um importante papel na economia, pois o dinheiro transferido para as fam\u00edlias mais pobres \u00e9 frequentemente utilizado para a compra de alimentos e produtos de primeira necessidade, o que contribui para dinamizar o com\u00e9rcio local e estimular o desenvolvimento econ\u00f4mico das regi\u00f5es mais carentes do pa\u00eds.<\/p>\n\n\n\n<h2 class=\"wp-block-heading\">Quem Pode Receber o Bolsa Fam\u00edlia?<\/h2>\n\n\n\n<p>O Bolsa Fam\u00edlia \u00e9 destinado a fam\u00edlias em situa\u00e7\u00e3o de extrema pobreza ou pobreza, com o objetivo de promover a inclus\u00e3o social e reduzir as desigualdades no Brasil. Para se tornar benefici\u00e1rio do programa, \u00e9 necess\u00e1rio atender a uma s\u00e9rie de crit\u00e9rios estabelecidos pelo governo federal.&nbsp;<\/p>\n\n\n\n<h3 class=\"wp-block-heading\">Renda Familiar<\/h3>\n\n\n\n<p>A renda familiar \u00e9 um dos principais crit\u00e9rios utilizados para determinar a elegibilidade de uma fam\u00edlia para programas de assist\u00eancia social, como o Bolsa Fam\u00edlia. Ela se refere \u00e0 soma dos rendimentos recebidos por todos os membros de uma fam\u00edlia, sejam provenientes de trabalho formal ou informal, pens\u00f5es, aposentadorias, benef\u00edcios sociais, alugu\u00e9is, entre outros.<\/p>\n\n\n\n<p>No contexto do Bolsa Fam\u00edlia, a renda familiar \u00e9 um indicador fundamental para identificar fam\u00edlias em situa\u00e7\u00e3o de extrema pobreza ou pobreza, que s\u00e3o o p\u00fablico-alvo do programa. O valor da renda per capita, ou seja, a renda total da fam\u00edlia dividida pelo n\u00famero de pessoas que a comp\u00f5em, \u00e9 utilizado como refer\u00eancia para determinar se uma fam\u00edlia se enquadra nos crit\u00e9rios estabelecidos pelo programa.<\/p>\n\n\n\n<p>Os crit\u00e9rios de renda do Bolsa Fam\u00edlia s\u00e3o definidos com base em linhas de pobreza estabelecidas pelo governo, que levam em considera\u00e7\u00e3o o custo de vida e as necessidades b\u00e1sicas das fam\u00edlias. Atualmente, para se enquadrar na situa\u00e7\u00e3o de extrema pobreza, a renda mensal por pessoa da fam\u00edlia deve ser de at\u00e9 R$ 89,00. J\u00e1 para se enquadrar na situa\u00e7\u00e3o de pobreza, a renda mensal por pessoa deve ser entre R$ 89,01 e R$ 178,00.<\/p>\n\n\n\n<h3 class=\"wp-block-heading\">Cadastro \u00danico<\/h3>\n\n\n\n<p>O Cadastro \u00danico para Programas Sociais do Governo Federal (Cad\u00danico) \u00e9 uma ferramenta fundamental para identificar e registrar informa\u00e7\u00f5es socioecon\u00f4micas das fam\u00edlias de baixa renda no Brasil. Trata-se de um sistema de cadastramento que re\u00fane dados de indiv\u00edduos e fam\u00edlias em situa\u00e7\u00e3o de vulnerabilidade socioecon\u00f4mica, possibilitando o acesso a diversos programas sociais oferecidos pelo governo federal, estadual e municipal.<\/p>\n\n\n\n<p>O Cad\u00danico \u00e9 coordenado pelo Minist\u00e9rio da Cidadania, em parceria com os estados, munic\u00edpios e o Distrito Federal. Ele \u00e9 utilizado como instrumento de gest\u00e3o, planejamento e execu\u00e7\u00e3o de pol\u00edticas p\u00fablicas voltadas para a promo\u00e7\u00e3o da inclus\u00e3o social e redu\u00e7\u00e3o das desigualdades no pa\u00eds.<\/p>\n\n\n\n<p>As informa\u00e7\u00f5es registradas no Cad\u00danico incluem dados pessoais e familiares, como nome, idade, escolaridade, renda, moradia, entre outros. Esses dados s\u00e3o coletados por meio de entrevistas realizadas por agentes comunit\u00e1rios, assistentes sociais ou outros profissionais capacitados, que visitam as fam\u00edlias para efetuar o cadastramento.<\/p>\n\n\n\n<p>Ap\u00f3s o cadastramento, as informa\u00e7\u00f5es s\u00e3o inseridas no sistema do Cad\u00danico e ficam dispon\u00edveis para consulta pelas diferentes esferas do governo respons\u00e1veis pela implementa\u00e7\u00e3o e gest\u00e3o de programas sociais.<\/p>\n\n\n\n<h3 class=\"wp-block-heading\">Informa\u00e7\u00f5es Escolares<\/h3>\n\n\n\n<p>As informa\u00e7\u00f5es escolares s\u00e3o um componente importante do Cadastro \u00danico para Programas Sociais do Governo Federal (Cad\u00danico) e tamb\u00e9m s\u00e3o condicionalidades para a participa\u00e7\u00e3o em programas como o Bolsa Fam\u00edlia. Essas informa\u00e7\u00f5es s\u00e3o cruciais para garantir que as crian\u00e7as e adolescentes tenham acesso \u00e0 educa\u00e7\u00e3o e permane\u00e7am na escola, o que \u00e9 fundamental para romper o ciclo da pobreza e promover o desenvolvimento humano.<\/p>\n\n\n\n<ul class=\"wp-block-list\">\n<li>Promo\u00e7\u00e3o da Educa\u00e7\u00e3o: As informa\u00e7\u00f5es escolares visam garantir que as crian\u00e7as e adolescentes estejam regularmente matriculados em institui\u00e7\u00f5es de ensino, garantindo-lhes o acesso \u00e0 educa\u00e7\u00e3o b\u00e1sica, um direito fundamental assegurado pela Constitui\u00e7\u00e3o Brasileira. Al\u00e9m disso, a frequ\u00eancia escolar \u00e9 essencial para o desenvolvimento cognitivo, social e emocional das crian\u00e7as, preparando-as para o futuro.<\/li>\n\n\n\n<li>Quebra do Ciclo da Pobreza: A educa\u00e7\u00e3o desempenha um papel crucial na quebra do ciclo da pobreza, oferecendo \u00e0s crian\u00e7as e adolescentes oportunidades de melhorar suas condi\u00e7\u00f5es de vida e alcan\u00e7ar um futuro mais promissor. Ao incentivar a frequ\u00eancia escolar, os programas sociais como o Bolsa Fam\u00edlia contribuem para que as fam\u00edlias mais vulner\u00e1veis possam investir no capital humano de seus filhos, capacitando-os para enfrentar os desafios futuros.<\/li>\n\n\n\n<li>Combate ao Trabalho Infantil: Garantir que as crian\u00e7as e adolescentes estejam na escola tamb\u00e9m ajuda a combater o trabalho infantil, pois oferece uma alternativa positiva e construtiva ao trabalho precoce. Ao incentivar a educa\u00e7\u00e3o, os programas sociais contribuem para que as crian\u00e7as possam desenvolver suas habilidades e potencialidades, preparando-as para uma vida adulta mais produtiva e satisfat\u00f3ria.<\/li>\n<\/ul>\n\n\n\n<h3 class=\"wp-block-heading\">Sa\u00fade<\/h3>\n\n\n\n<p>As informa\u00e7\u00f5es relacionadas \u00e0 sa\u00fade s\u00e3o outro componente essencial do Cadastro \u00danico para Programas Sociais do Governo Federal (Cad\u00danico) e tamb\u00e9m s\u00e3o condicionalidades para a participa\u00e7\u00e3o em programas como o Bolsa Fam\u00edlia. Essas informa\u00e7\u00f5es s\u00e3o fundamentais para garantir que as fam\u00edlias em situa\u00e7\u00e3o de vulnerabilidade tenham acesso aos servi\u00e7os de sa\u00fade b\u00e1sicos e possam cuidar adequadamente de sua sa\u00fade e bem-estar.<\/p>\n\n\n\n<ul class=\"wp-block-list\">\n<li>Acesso aos Servi\u00e7os de Sa\u00fade: As informa\u00e7\u00f5es de sa\u00fade visam garantir que as fam\u00edlias em situa\u00e7\u00e3o de vulnerabilidade tenham acesso aos servi\u00e7os de sa\u00fade b\u00e1sicos, como consultas m\u00e9dicas, exames, vacina\u00e7\u00e3o, pr\u00e9-natal, entre outros. O acesso a esses servi\u00e7os \u00e9 fundamental para prevenir doen\u00e7as, promover a sa\u00fade e garantir o bem-estar das fam\u00edlias.<\/li>\n\n\n\n<li>Preven\u00e7\u00e3o de Doen\u00e7as: O acompanhamento da sa\u00fade das fam\u00edlias permite identificar precocemente problemas de sa\u00fade e prevenir doen\u00e7as. Por exemplo, o acompanhamento do calend\u00e1rio de vacina\u00e7\u00e3o das crian\u00e7as contribui para a preven\u00e7\u00e3o de doen\u00e7as contagiosas, enquanto o pr\u00e9-natal adequado reduz os riscos para a m\u00e3e e o beb\u00ea durante a gesta\u00e7\u00e3o e o parto.<\/li>\n\n\n\n<li>Qualidade de Vida: O acesso aos servi\u00e7os de sa\u00fade b\u00e1sicos \u00e9 essencial para garantir uma boa qualidade de vida \u00e0s fam\u00edlias em situa\u00e7\u00e3o de vulnerabilidade. Cuidar da sa\u00fade permite que as pessoas possam desfrutar plenamente de suas vidas, realizar suas atividades di\u00e1rias e alcan\u00e7ar seu potencial m\u00e1ximo.<\/li>\n<\/ul>\n\n\n\n<h3 class=\"wp-block-heading\">Atualiza\u00e7\u00e3o Cadastral<\/h3>\n\n\n\n<p>\u00c9 importante que as fam\u00edlias mantenham suas informa\u00e7\u00f5es atualizadas no Cadastro \u00danico, pois qualquer altera\u00e7\u00e3o na composi\u00e7\u00e3o familiar, na renda ou em outras informa\u00e7\u00f5es relevantes pode impactar no recebimento do benef\u00edcio.<\/p>\n\n\n\n<h2 class=\"wp-block-heading\">Quem Trabalha com Carteira Assinada Pode Receber o Bolsa Fam\u00edlia?<\/h2>\n\n\n\n<p>A quest\u00e3o de se quem trabalha com carteira assinada pode ou n\u00e3o receber o Bolsa Fam\u00edlia \u00e9 uma d\u00favida comum entre muitas pessoas. A resposta \u00e9 sim, \u00e9 poss\u00edvel que quem trabalha com carteira assinada possa receber o Bolsa Fam\u00edlia, desde que a renda familiar se enquadre nos crit\u00e9rios estabelecidos pelo programa.<\/p>\n\n\n\n<p>O Bolsa Fam\u00edlia \u00e9 direcionado principalmente para fam\u00edlias em situa\u00e7\u00e3o de extrema pobreza ou pobreza, independentemente do tipo de ocupa\u00e7\u00e3o dos membros familiares. Isso significa que mesmo que um ou mais membros da fam\u00edlia tenham emprego formal, desde que a renda total da fam\u00edlia n\u00e3o ultrapasse os limites estabelecidos pelo programa, ela pode ser eleg\u00edvel para receber o benef\u00edcio.<\/p>\n\n\n\n<p>Por exemplo, se uma fam\u00edlia possui um ou mais membros com carteira assinada, mas a renda total por pessoa dessa fam\u00edlia ainda se enquadra nos crit\u00e9rios de renda estabelecidos pelo Bolsa Fam\u00edlia, ela pode receber o benef\u00edcio para complementar sua renda e garantir o acesso a servi\u00e7os b\u00e1sicos, como alimenta\u00e7\u00e3o, educa\u00e7\u00e3o e sa\u00fade.<\/p>\n\n\n\n<p>\u00c9 importante ressaltar que o Bolsa Fam\u00edlia \u00e9 um programa de transfer\u00eancia de renda condicionada, ou seja, al\u00e9m de cumprir os crit\u00e9rios de renda, as fam\u00edlias benefici\u00e1rias tamb\u00e9m devem atender a outras condicionalidades, como manter as crian\u00e7as na escola e com frequ\u00eancia m\u00ednima de 85%, garantir o acompanhamento do calend\u00e1rio de vacina\u00e7\u00e3o e realizar o acompanhamento pr\u00e9-natal, no caso de gestantes.<\/p>\n\n\n\n<p>Portanto, quem trabalha com carteira assinada n\u00e3o est\u00e1 automaticamente exclu\u00eddo do Bolsa Fam\u00edlia, desde que a renda total da fam\u00edlia ainda se enquadre nos crit\u00e9rios de elegibilidade do programa. O objetivo do Bolsa Fam\u00edlia \u00e9 garantir o acesso aos direitos b\u00e1sicos para todas as fam\u00edlias em situa\u00e7\u00e3o de vulnerabilidade, independentemente de sua ocupa\u00e7\u00e3o ou fonte de renda.<\/p>\n\n\n\n<h2 class=\"wp-block-heading\">Quem recebe um sal\u00e1rio m\u00ednimo t\u00eam direito a receber o Bolsa Fam\u00edlia?<\/h2>\n\n\n\n<p>Sim, pessoas que recebem um sal\u00e1rio m\u00ednimo podem ter direito a receber o Bolsa Fam\u00edlia, desde que a renda total da fam\u00edlia se enquadre nos crit\u00e9rios estabelecidos pelo programa. O Bolsa Fam\u00edlia \u00e9 destinado a fam\u00edlias em situa\u00e7\u00e3o de extrema pobreza ou pobreza, independentemente do valor do sal\u00e1rio m\u00ednimo recebido por algum dos membros familiares.<\/p>\n\n\n\n<figure class=\"wp-block-image size-large\"><img decoding=\"async\" width=\"1024\" height=\"682\" src=\"https:\/\/www.somuchtosaytoday.com\/wp-content\/uploads\/2024\/03\/image-143-1024x682.png\" alt=\"\" class=\"wp-image-2243\" srcset=\"https:\/\/www.somuchtosaytoday.com\/wp-content\/uploads\/2024\/03\/image-143-1024x682.png 1024w, https:\/\/www.somuchtosaytoday.com\/wp-content\/uploads\/2024\/03\/image-143-300x200.png 300w, https:\/\/www.somuchtosaytoday.com\/wp-content\/uploads\/2024\/03\/image-143-768x512.png 768w, https:\/\/www.somuchtosaytoday.com\/wp-content\/uploads\/2024\/03\/image-143-18x12.png 18w, https:\/\/www.somuchtosaytoday.com\/wp-content\/uploads\/2024\/03\/image-143.png 1280w\" sizes=\"(max-width: 1024px) 100vw, 1024px\" \/><\/figure>\n\n\n\n<p>Os crit\u00e9rios de elegibilidade do Bolsa Fam\u00edlia levam em considera\u00e7\u00e3o a renda total por pessoa da fam\u00edlia, que deve ser de at\u00e9 R$ 89,00 para se enquadrar na situa\u00e7\u00e3o de extrema pobreza, ou entre R$ 89,01 e R$ 178,00 para se enquadrar na situa\u00e7\u00e3o de pobreza. Esses valores s\u00e3o atualizados periodicamente pelo governo de acordo com os \u00edndices de infla\u00e7\u00e3o e outros fatores econ\u00f4micos.<\/p>\n\n\n\n<p>Portanto, mesmo que um dos membros da fam\u00edlia receba um sal\u00e1rio m\u00ednimo, se a renda total por pessoa da fam\u00edlia ainda estiver dentro dos limites estabelecidos pelo programa, a fam\u00edlia pode ser eleg\u00edvel para receber o Bolsa Fam\u00edlia.&nbsp;<\/p>\n\n\n\n<p>\u00c9 importante ressaltar que o Bolsa Fam\u00edlia \u00e9 um programa de transfer\u00eancia de renda condicionada, ou seja, al\u00e9m de cumprir os crit\u00e9rios de renda, as fam\u00edlias benefici\u00e1rias tamb\u00e9m devem atender a outras condicionalidades, como manter as crian\u00e7as na escola e com frequ\u00eancia m\u00ednima de 85%, garantir o acompanhamento do calend\u00e1rio de vacina\u00e7\u00e3o e realizar o acompanhamento pr\u00e9-natal, no caso de gestantes.<\/p>\n\n\n\n<h2 class=\"wp-block-heading\">Uma promo\u00e7\u00e3o da inclus\u00e3o social no Brasil<\/h2>\n\n\n\n<p>O Bolsa Fam\u00edlia desempenha um papel crucial na redu\u00e7\u00e3o da pobreza e na promo\u00e7\u00e3o da inclus\u00e3o social no Brasil. Ele \u00e9 destinado \u00e0s fam\u00edlias em situa\u00e7\u00e3o de extrema pobreza ou pobreza, independentemente do tipo de trabalho que exercem.&nbsp;<\/p>\n\n\n\n<p>Portanto, quem trabalha com carteira assinada pode sim receber o Bolsa Fam\u00edlia, desde que atenda aos crit\u00e9rios estabelecidos pelo programa. \u00c9 importante que as fam\u00edlias estejam cadastradas no Cad\u00danico e mantenham suas informa\u00e7\u00f5es atualizadas para garantir o acesso a esse importante benef\u00edcio social.<\/p>\n\n\n\n<p>30 de mar\u00e7o de 2024<\/p>",
        "protected": false
    },
    "excerpt": {
        "rendered": "<p>Desde a sua cria\u00e7\u00e3o, o Bolsa Fam\u00edlia tem sido um programa essencial no combate \u00e0 pobreza e \u00e0 desigualdade no Brasil. Com o intuito de garantir o acesso \u00e0 alimenta\u00e7\u00e3o, educa\u00e7\u00e3o e sa\u00fade para as fam\u00edlias em situa\u00e7\u00e3o de vulnerabilidade, o programa \u00e9 um importante instrumento de assist\u00eancia social no pa\u00eds. No entanto, uma d\u00favida &#8230; <a title=\"Quem trabalha com carteira assinada pode receber Bolsa Fam\u00edlia?\" class=\"read-more\" href=\"https:\/\/www.somuchtosaytoday.com\/pt\/quem-trabalha-com-carteira-assinada-pode-receber-bolsa-familia\/\" aria-label=\"Read more about Quem trabalha com carteira assinada pode receber Bolsa Fam\u00edlia?\">Leia mais<\/a><\/p>",
        "protected": false
    },
    "author": 2,
    "featured_media": 2244,
    "comment_status": "closed",
    "ping_status": "closed",
    "sticky": false,
    "template": "",
    "format": "standard",
    "meta": {
        "kia_subtitle": "",
        "footnotes": ""
    },
    "categories": [
        9
    ],
    "tags": [],
    "class_list": [
        "post-2222",
        "post",
        "type-post",
        "status-publish",
        "format-standard",
        "has-post-thumbnail",
        "hentry",
        "category-beneficios",
        "infinite-scroll-item",
        "resize-featured-image"
    ],
    "yoast_head": "<!-- This site is optimized with the Yoast SEO plugin v26.3 - https:\/\/yoast.com\/wordpress\/plugins\/seo\/ -->\n<title>Quem trabalha com carteira assinada pode receber Bolsa Fam\u00edlia? - somuchtosaytoday<\/title>\n<meta name=\"robots\" content=\"index, follow, max-snippet:-1, max-image-preview:large, max-video-preview:-1\" \/>\n<link rel=\"canonical\" href=\"https:\/\/www.somuchtosaytoday.com\/pt\/who-works-with-a-formal-contract-can-receive-a-family-grant\/\" \/>\n<meta property=\"og:locale\" content=\"pt_BR\" \/>\n<meta property=\"og:type\" content=\"article\" \/>\n<meta property=\"og:title\" content=\"Quem trabalha com carteira assinada pode receber Bolsa Fam\u00edlia? - somuchtosaytoday\" \/>\n<meta property=\"og:description\" content=\"Desde a sua cria\u00e7\u00e3o, o Bolsa Fam\u00edlia tem sido um programa essencial no combate \u00e0 pobreza e \u00e0 desigualdade no Brasil. Com o intuito de garantir o acesso \u00e0 alimenta\u00e7\u00e3o, educa\u00e7\u00e3o e sa\u00fade para as fam\u00edlias em situa\u00e7\u00e3o de vulnerabilidade, o programa \u00e9 um importante instrumento de assist\u00eancia social no pa\u00eds. No entanto, uma d\u00favida ... Leia mais\" \/>\n<meta property=\"og:url\" content=\"https:\/\/www.somuchtosaytoday.com\/pt\/who-works-with-a-formal-contract-can-receive-a-family-grant\/\" \/>\n<meta property=\"og:site_name\" content=\"somuchtosaytoday\" \/>\n<meta property=\"article:published_time\" content=\"2024-03-31T02:55:12+00:00\" \/>\n<meta property=\"article:modified_time\" content=\"2024-03-31T02:55:18+00:00\" \/>\n<meta property=\"og:image\" content=\"https:\/\/www.somuchtosaytoday.com\/wp-content\/uploads\/2024\/03\/image-144.png\" \/>\n\t<meta property=\"og:image:width\" content=\"768\" \/>\n\t<meta property=\"og:image:height\" content=\"576\" \/>\n\t<meta property=\"og:image:type\" content=\"image\/png\" \/>\n<meta name=\"author\" content=\"Michele\" \/>\n<meta name=\"twitter:card\" content=\"summary_large_image\" \/>\n<meta name=\"twitter:label1\" content=\"Escrito por\" \/>\n\t<meta name=\"twitter:data1\" content=\"Michele\" \/>\n\t<meta name=\"twitter:label2\" content=\"Est. tempo de leitura\" \/>\n\t<meta name=\"twitter:data2\" content=\"12 minutos\" \/>\n<script type=\"application\/ld+json\" class=\"yoast-schema-graph\">{\"@context\":\"https:\/\/schema.org\",\"@graph\":[{\"@type\":\"Article\",\"@id\":\"https:\/\/www.somuchtosaytoday.com\/who-works-with-a-formal-contract-can-receive-a-family-grant\/#article\",\"isPartOf\":{\"@id\":\"https:\/\/www.somuchtosaytoday.com\/who-works-with-a-formal-contract-can-receive-a-family-grant\/\"},\"author\":{\"name\":\"Michele\",\"@id\":\"https:\/\/www.somuchtosaytoday.com\/#\/schema\/person\/6cf3b561aa424acf000e3ea09f0d5c02\"},\"headline\":\"Quem trabalha com carteira assinada pode receber Bolsa Fam\u00edlia?\",\"datePublished\":\"2024-03-31T02:55:12+00:00\",\"dateModified\":\"2024-03-31T02:55:18+00:00\",\"mainEntityOfPage\":{\"@id\":\"https:\/\/www.somuchtosaytoday.com\/who-works-with-a-formal-contract-can-receive-a-family-grant\/\"},\"wordCount\":2355,\"publisher\":{\"@id\":\"https:\/\/www.somuchtosaytoday.com\/#organization\"},\"image\":{\"@id\":\"https:\/\/www.somuchtosaytoday.com\/who-works-with-a-formal-contract-can-receive-a-family-grant\/#primaryimage\"},\"thumbnailUrl\":\"https:\/\/www.somuchtosaytoday.com\/wp-content\/uploads\/2024\/03\/image-144.png\",\"articleSection\":[\"Benef\u00edcios\"],\"inLanguage\":\"pt-BR\"},{\"@type\":\"WebPage\",\"@id\":\"https:\/\/www.somuchtosaytoday.com\/who-works-with-a-formal-contract-can-receive-a-family-grant\/\",\"url\":\"https:\/\/www.somuchtosaytoday.com\/who-works-with-a-formal-contract-can-receive-a-family-grant\/\",\"name\":\"Quem trabalha com carteira assinada pode receber Bolsa Fam\u00edlia? - somuchtosaytoday\",\"isPartOf\":{\"@id\":\"https:\/\/www.somuchtosaytoday.com\/#website\"},\"primaryImageOfPage\":{\"@id\":\"https:\/\/www.somuchtosaytoday.com\/who-works-with-a-formal-contract-can-receive-a-family-grant\/#primaryimage\"},\"image\":{\"@id\":\"https:\/\/www.somuchtosaytoday.com\/who-works-with-a-formal-contract-can-receive-a-family-grant\/#primaryimage\"},\"thumbnailUrl\":\"https:\/\/www.somuchtosaytoday.com\/wp-content\/uploads\/2024\/03\/image-144.png\",\"datePublished\":\"2024-03-31T02:55:12+00:00\",\"dateModified\":\"2024-03-31T02:55:18+00:00\",\"breadcrumb\":{\"@id\":\"https:\/\/www.somuchtosaytoday.com\/who-works-with-a-formal-contract-can-receive-a-family-grant\/#breadcrumb\"},\"inLanguage\":\"pt-BR\",\"potentialAction\":[{\"@type\":\"ReadAction\",\"target\":[\"https:\/\/www.somuchtosaytoday.com\/who-works-with-a-formal-contract-can-receive-a-family-grant\/\"]}]},{\"@type\":\"ImageObject\",\"inLanguage\":\"pt-BR\",\"@id\":\"https:\/\/www.somuchtosaytoday.com\/who-works-with-a-formal-contract-can-receive-a-family-grant\/#primaryimage\",\"url\":\"https:\/\/www.somuchtosaytoday.com\/wp-content\/uploads\/2024\/03\/image-144.png\",\"contentUrl\":\"https:\/\/www.somuchtosaytoday.com\/wp-content\/uploads\/2024\/03\/image-144.png\",\"width\":768,\"height\":576},{\"@type\":\"BreadcrumbList\",\"@id\":\"https:\/\/www.somuchtosaytoday.com\/who-works-with-a-formal-contract-can-receive-a-family-grant\/#breadcrumb\",\"itemListElement\":[{\"@type\":\"ListItem\",\"position\":1,\"name\":\"Home\",\"item\":\"https:\/\/www.somuchtosaytoday.com\/en\/\"},{\"@type\":\"ListItem\",\"position\":2,\"name\":\"Benef\u00edcios\",\"item\":\"https:\/\/www.somuchtosaytoday.com\/category\/benefits\/\"},{\"@type\":\"ListItem\",\"position\":3,\"name\":\"Quem trabalha com carteira assinada pode receber Bolsa Fam\u00edlia?\"}]},{\"@type\":\"WebSite\",\"@id\":\"https:\/\/www.somuchtosaytoday.com\/#website\",\"url\":\"https:\/\/www.somuchtosaytoday.com\/\",\"name\":\"somuchtosaytoday\",\"description\":\"\",\"publisher\":{\"@id\":\"https:\/\/www.somuchtosaytoday.com\/#organization\"},\"potentialAction\":[{\"@type\":\"SearchAction\",\"target\":{\"@type\":\"EntryPoint\",\"urlTemplate\":\"https:\/\/www.somuchtosaytoday.com\/?s={search_term_string}\"},\"query-input\":{\"@type\":\"PropertyValueSpecification\",\"valueRequired\":true,\"valueName\":\"search_term_string\"}}],\"inLanguage\":\"pt-BR\"},{\"@type\":\"Organization\",\"@id\":\"https:\/\/www.somuchtosaytoday.com\/#organization\",\"name\":\"somuchtosaytoday\",\"url\":\"https:\/\/www.somuchtosaytoday.com\/\",\"logo\":{\"@type\":\"ImageObject\",\"inLanguage\":\"pt-BR\",\"@id\":\"https:\/\/www.somuchtosaytoday.com\/#\/schema\/logo\/image\/\",\"url\":\"https:\/\/www.somuchtosaytoday.com\/wp-content\/uploads\/2024\/03\/cropped-LODO-TODAY-FUNDO-TRANSPARENTE-.fw_.png\",\"contentUrl\":\"https:\/\/www.somuchtosaytoday.com\/wp-content\/uploads\/2024\/03\/cropped-LODO-TODAY-FUNDO-TRANSPARENTE-.fw_.png\",\"width\":599,\"height\":216,\"caption\":\"somuchtosaytoday\"},\"image\":{\"@id\":\"https:\/\/www.somuchtosaytoday.com\/#\/schema\/logo\/image\/\"}},{\"@type\":\"Person\",\"@id\":\"https:\/\/www.somuchtosaytoday.com\/#\/schema\/person\/6cf3b561aa424acf000e3ea09f0d5c02\",\"name\":\"Michele\",\"description\":\"Formada em Letras - Portugu\u00eas\/ Ingl\u00eas, e idealizadora do site Escritora de Sucesso, busca expandir o conhecimento de todos com informa\u00e7\u00f5es relevantes sobre diversos assuntos, enquanto redatora. No SoMuchToSayToday, traz not\u00edcias e conte\u00fados que partem do entretenimento \u00e0 situa\u00e7\u00e3o econ\u00f4mica do pa\u00eds.\",\"url\":\"https:\/\/www.somuchtosaytoday.com\/pt\/author\/micheli\/\"}]}<\/script>\n<!-- \/ Yoast SEO plugin. -->",
    "yoast_head_json": {
        "title": "Quem trabalha com carteira assinada pode receber Bolsa Fam\u00edlia? - somuchtosaytoday",
        "robots": {
            "index": "index",
            "follow": "follow",
            "max-snippet": "max-snippet:-1",
            "max-image-preview": "max-image-preview:large",
            "max-video-preview": "max-video-preview:-1"
        },
        "canonical": "https:\/\/www.somuchtosaytoday.com\/pt\/who-works-with-a-formal-contract-can-receive-a-family-grant\/",
        "og_locale": "pt_BR",
        "og_type": "article",
        "og_title": "Quem trabalha com carteira assinada pode receber Bolsa Fam\u00edlia? - somuchtosaytoday",
        "og_description": "Desde a sua cria\u00e7\u00e3o, o Bolsa Fam\u00edlia tem sido um programa essencial no combate \u00e0 pobreza e \u00e0 desigualdade no Brasil. Com o intuito de garantir o acesso \u00e0 alimenta\u00e7\u00e3o, educa\u00e7\u00e3o e sa\u00fade para as fam\u00edlias em situa\u00e7\u00e3o de vulnerabilidade, o programa \u00e9 um importante instrumento de assist\u00eancia social no pa\u00eds. No entanto, uma d\u00favida ... Leia mais",
        "og_url": "https:\/\/www.somuchtosaytoday.com\/pt\/who-works-with-a-formal-contract-can-receive-a-family-grant\/",
        "og_site_name": "somuchtosaytoday",
        "article_published_time": "2024-03-31T02:55:12+00:00",
        "article_modified_time": "2024-03-31T02:55:18+00:00",
        "og_image": [
            {
                "width": 768,
                "height": 576,
                "url": "https:\/\/www.somuchtosaytoday.com\/wp-content\/uploads\/2024\/03\/image-144.png",
                "type": "image\/png"
            }
        ],
        "author": "Michele",
        "twitter_card": "summary_large_image",
        "twitter_misc": {
            "Escrito por": "Michele",
            "Est. tempo de leitura": "12 minutos"
        },
        "schema": {
            "@context": "https:\/\/schema.org",
            "@graph": [
                {
                    "@type": "Article",
                    "@id": "https:\/\/www.somuchtosaytoday.com\/who-works-with-a-formal-contract-can-receive-a-family-grant\/#article",
                    "isPartOf": {
                        "@id": "https:\/\/www.somuchtosaytoday.com\/who-works-with-a-formal-contract-can-receive-a-family-grant\/"
                    },
                    "author": {
                        "name": "Michele",
                        "@id": "https:\/\/www.somuchtosaytoday.com\/#\/schema\/person\/6cf3b561aa424acf000e3ea09f0d5c02"
                    },
                    "headline": "Quem trabalha com carteira assinada pode receber Bolsa Fam\u00edlia?",
                    "datePublished": "2024-03-31T02:55:12+00:00",
                    "dateModified": "2024-03-31T02:55:18+00:00",
                    "mainEntityOfPage": {
                        "@id": "https:\/\/www.somuchtosaytoday.com\/who-works-with-a-formal-contract-can-receive-a-family-grant\/"
                    },
                    "wordCount": 2355,
                    "publisher": {
                        "@id": "https:\/\/www.somuchtosaytoday.com\/#organization"
                    },
                    "image": {
                        "@id": "https:\/\/www.somuchtosaytoday.com\/who-works-with-a-formal-contract-can-receive-a-family-grant\/#primaryimage"
                    },
                    "thumbnailUrl": "https:\/\/www.somuchtosaytoday.com\/wp-content\/uploads\/2024\/03\/image-144.png",
                    "articleSection": [
                        "Benef\u00edcios"
                    ],
                    "inLanguage": "pt-BR"
                },
                {
                    "@type": "WebPage",
                    "@id": "https:\/\/www.somuchtosaytoday.com\/who-works-with-a-formal-contract-can-receive-a-family-grant\/",
                    "url": "https:\/\/www.somuchtosaytoday.com\/who-works-with-a-formal-contract-can-receive-a-family-grant\/",
                    "name": "Quem trabalha com carteira assinada pode receber Bolsa Fam\u00edlia? - somuchtosaytoday",
                    "isPartOf": {
                        "@id": "https:\/\/www.somuchtosaytoday.com\/#website"
                    },
                    "primaryImageOfPage": {
                        "@id": "https:\/\/www.somuchtosaytoday.com\/who-works-with-a-formal-contract-can-receive-a-family-grant\/#primaryimage"
                    },
                    "image": {
                        "@id": "https:\/\/www.somuchtosaytoday.com\/who-works-with-a-formal-contract-can-receive-a-family-grant\/#primaryimage"
                    },
                    "thumbnailUrl": "https:\/\/www.somuchtosaytoday.com\/wp-content\/uploads\/2024\/03\/image-144.png",
                    "datePublished": "2024-03-31T02:55:12+00:00",
                    "dateModified": "2024-03-31T02:55:18+00:00",
                    "breadcrumb": {
                        "@id": "https:\/\/www.somuchtosaytoday.com\/who-works-with-a-formal-contract-can-receive-a-family-grant\/#breadcrumb"
                    },
                    "inLanguage": "pt-BR",
                    "potentialAction": [
                        {
                            "@type": "ReadAction",
                            "target": [
                                "https:\/\/www.somuchtosaytoday.com\/who-works-with-a-formal-contract-can-receive-a-family-grant\/"
                            ]
                        }
                    ]
                },
                {
                    "@type": "ImageObject",
                    "inLanguage": "pt-BR",
                    "@id": "https:\/\/www.somuchtosaytoday.com\/who-works-with-a-formal-contract-can-receive-a-family-grant\/#primaryimage",
                    "url": "https:\/\/www.somuchtosaytoday.com\/wp-content\/uploads\/2024\/03\/image-144.png",
                    "contentUrl": "https:\/\/www.somuchtosaytoday.com\/wp-content\/uploads\/2024\/03\/image-144.png",
                    "width": 768,
                    "height": 576
                },
                {
                    "@type": "BreadcrumbList",
                    "@id": "https:\/\/www.somuchtosaytoday.com\/who-works-with-a-formal-contract-can-receive-a-family-grant\/#breadcrumb",
                    "itemListElement": [
                        {
                            "@type": "ListItem",
                            "position": 1,
                            "name": "Home",
                            "item": "https:\/\/www.somuchtosaytoday.com\/en\/"
                        },
                        {
                            "@type": "ListItem",
                            "position": 2,
                            "name": "Benef\u00edcios",
                            "item": "https:\/\/www.somuchtosaytoday.com\/category\/benefits\/"
                        },
                        {
                            "@type": "ListItem",
                            "position": 3,
                            "name": "Quem trabalha com carteira assinada pode receber Bolsa Fam\u00edlia?"
                        }
                    ]
                },
                {
                    "@type": "WebSite",
                    "@id": "https:\/\/www.somuchtosaytoday.com\/#website",
                    "url": "https:\/\/www.somuchtosaytoday.com\/",
                    "name": "somuchtosaytoday",
                    "description": "",
                    "publisher": {
                        "@id": "https:\/\/www.somuchtosaytoday.com\/#organization"
                    },
                    "potentialAction": [
                        {
                            "@type": "SearchAction",
                            "target": {
                                "@type": "EntryPoint",
                                "urlTemplate": "https:\/\/www.somuchtosaytoday.com\/?s={search_term_string}"
                            },
                            "query-input": {
                                "@type": "PropertyValueSpecification",
                                "valueRequired": true,
                                "valueName": "search_term_string"
                            }
                        }
                    ],
                    "inLanguage": "pt-BR"
                },
                {
                    "@type": "Organization",
                    "@id": "https:\/\/www.somuchtosaytoday.com\/#organization",
                    "name": "somuchtosaytoday",
                    "url": "https:\/\/www.somuchtosaytoday.com\/",
                    "logo": {
                        "@type": "ImageObject",
                        "inLanguage": "pt-BR",
                        "@id": "https:\/\/www.somuchtosaytoday.com\/#\/schema\/logo\/image\/",
                        "url": "https:\/\/www.somuchtosaytoday.com\/wp-content\/uploads\/2024\/03\/cropped-LODO-TODAY-FUNDO-TRANSPARENTE-.fw_.png",
                        "contentUrl": "https:\/\/www.somuchtosaytoday.com\/wp-content\/uploads\/2024\/03\/cropped-LODO-TODAY-FUNDO-TRANSPARENTE-.fw_.png",
                        "width": 599,
                        "height": 216,
                        "caption": "somuchtosaytoday"
                    },
                    "image": {
                        "@id": "https:\/\/www.somuchtosaytoday.com\/#\/schema\/logo\/image\/"
                    }
                },
                {
                    "@type": "Person",
                    "@id": "https:\/\/www.somuchtosaytoday.com\/#\/schema\/person\/6cf3b561aa424acf000e3ea09f0d5c02",
                    "name": "Michele",
                    "description": "Formada em Letras - Portugu\u00eas\/ Ingl\u00eas, e idealizadora do site Escritora de Sucesso, busca expandir o conhecimento de todos com informa\u00e7\u00f5es relevantes sobre diversos assuntos, enquanto redatora. No SoMuchToSayToday, traz not\u00edcias e conte\u00fados que partem do entretenimento \u00e0 situa\u00e7\u00e3o econ\u00f4mica do pa\u00eds.",
                    "url": "https:\/\/www.somuchtosaytoday.com\/pt\/author\/micheli\/"
                }
            ]
        }
    },
    "_links": {
        "self": [
            {
                "href": "https:\/\/www.somuchtosaytoday.com\/pt\/wp-json\/wp\/v2\/posts\/2222",
                "targetHints": {
                    "allow": [
                        "GET"
                    ]
                }
            }
        ],
        "collection": [
            {
                "href": "https:\/\/www.somuchtosaytoday.com\/pt\/wp-json\/wp\/v2\/posts"
            }
        ],
        "about": [
            {
                "href": "https:\/\/www.somuchtosaytoday.com\/pt\/wp-json\/wp\/v2\/types\/post"
            }
        ],
        "author": [
            {
                "embeddable": true,
                "href": "https:\/\/www.somuchtosaytoday.com\/pt\/wp-json\/wp\/v2\/users\/2"
            }
        ],
        "replies": [
            {
                "embeddable": true,
                "href": "https:\/\/www.somuchtosaytoday.com\/pt\/wp-json\/wp\/v2\/comments?post=2222"
            }
        ],
        "version-history": [
            {
                "count": 2,
                "href": "https:\/\/www.somuchtosaytoday.com\/pt\/wp-json\/wp\/v2\/posts\/2222\/revisions"
            }
        ],
        "predecessor-version": [
            {
                "id": 2245,
                "href": "https:\/\/www.somuchtosaytoday.com\/pt\/wp-json\/wp\/v2\/posts\/2222\/revisions\/2245"
            }
        ],
        "wp:featuredmedia": [
            {
                "embeddable": true,
                "href": "https:\/\/www.somuchtosaytoday.com\/pt\/wp-json\/wp\/v2\/media\/2244"
            }
        ],
        "wp:attachment": [
            {
                "href": "https:\/\/www.somuchtosaytoday.com\/pt\/wp-json\/wp\/v2\/media?parent=2222"
            }
        ],
        "wp:term": [
            {
                "taxonomy": "category",
                "embeddable": true,
                "href": "https:\/\/www.somuchtosaytoday.com\/pt\/wp-json\/wp\/v2\/categories?post=2222"
            },
            {
                "taxonomy": "post_tag",
                "embeddable": true,
                "href": "https:\/\/www.somuchtosaytoday.com\/pt\/wp-json\/wp\/v2\/tags?post=2222"
            }
        ],
        "curies": [
            {
                "name": "wp",
                "href": "https:\/\/api.w.org\/{rel}",
                "templated": true
            }
        ]
    }
}